{"id":607,"date":"2018-08-23T11:55:49","date_gmt":"2018-08-23T14:55:49","guid":{"rendered":"http:\/\/www.vvfconsultores.com.br\/?p=607"},"modified":"2020-01-06T17:38:01","modified_gmt":"2020-01-06T19:38:01","slug":"receita-federal-e-procuradoria-geral-da-fazenda-nacional-analisam-proposta-para-criar-um-cadastro-de-classificacao-de-contribuintes","status":"publish","type":"post","link":"https:\/\/vvfconsultores.com.br\/blog\/receita-federal-e-procuradoria-geral-da-fazenda-nacional-analisam-proposta-para-criar-um-cadastro-de-classificacao-de-contribuintes\/","title":{"rendered":"Receita Federal e Procuradoria Geral da Fazenda Nacional analisam proposta para criar um cadastro de classifica\u00e7\u00e3o de contribuintes"},"content":{"rendered":"<p>A Receita Federal e a Procuradoria Geral da Fazenda Nacional (PGFN) estudam uma proposta de cria\u00e7\u00e3o de um \u201cCadastro Fiscal Positivo\u201d de contribuintes, os quais seriam classificados de acordo com hist\u00f3rico de pagamento de tributos perante o Fisco Federal.<\/p>\n<p>Dessa forma, os contribuintes passariam a ser classificados pela Uni\u00e3o de acordo com o perfil de risco de inadimpl\u00eancia de tributos. A PGFN pretende utilizar esse cadastro como par\u00e2metro para definir quais medidas de cobran\u00e7a devem ser utilizadas.<\/p>\n<p>Aqueles que apresentem certa regularidade fiscal e um perfil de risco mais baixo seriam beneficiados com a obten\u00e7\u00e3o de melhores condi\u00e7\u00f5es para o pagamento de tributos que est\u00e3o sendo discutidos e cobrados.<\/p>\n<p>Por outro lado, os contribuintes que apresentem um grau de risco mais elevado, de acordo com a classifica\u00e7\u00e3o do Fisco Federal, seriam penalizados com a aplica\u00e7\u00e3o de medidas mais rigorosas.<\/p>\n<p>Essa proposta ainda est\u00e1 em estudo e discuss\u00e3o, mas em um est\u00e1gio mais avan\u00e7ado na PGFN.<\/p>\n<p>A medida j\u00e1 \u00e9 adotada no Estado de S\u00e3o Paulo, que instituiu o Programa \u201cNos Conformes\u201d atrav\u00e9s da Lei Complementar n\u00ba 1.320\/2018, onde os contribuintes s\u00e3o classificados em n\u00edveis decrescentes de conformidade pela Secretaria da Fazenda do Estado, de acordo com a ader\u00eancia a determinados crit\u00e9rios objetivos previstos em lei.<\/p>\n<p>Os contribuintes classificados em categorias mais elevadas s\u00e3o beneficiados, por exemplo, com a possibilidade de solicita\u00e7\u00e3o de procedimentos simplificados.<\/p>\n<p>Segundo divulgado pela SRFB e PGFN a medida tem por finalidade desenvolver um programa de orienta\u00e7\u00e3o e n\u00e3o de puni\u00e7\u00e3o, que incentivar\u00e1 os contribuintes a investirem cada vez mais em compliance fiscal.<\/p>\n","protected":false},"excerpt":{"rendered":"<p>A Receita Federal e a Procuradoria Geral da Fazenda Nacional (PGFN) estudam uma proposta de cria\u00e7\u00e3o de um \u201cCadastro Fiscal Positivo\u201d de contribuintes, os quais seriam classificados de acordo com hist\u00f3rico de pagamento de tributos perante o Fisco Federal. Dessa forma, os contribuintes passariam a ser classificados pela Uni\u00e3o de acordo com o perfil de [&hellip;]<\/p>\n","protected":false},"author":2,"featured_media":1389,"comment_status":"open","ping_status":"open","sticky":false,"template":"","format":"standard","meta":{"footnotes":""},"categories":[4],"tags":[],"yoast_head":"<!-- This site is optimized with the Yoast SEO plugin v16.6.1 - https:\/\/yoast.com\/wordpress\/plugins\/seo\/ -->\r\n<title>Receita Federal e Procuradoria Geral da Fazenda Nacional analisam proposta para criar um cadastro de classifica\u00e7\u00e3o de contribuintes - VVF Consultores Tribut\u00e1rios | Blog<\/title>\r\n<meta name=\"robots\" content=\"index, follow, max-snippet:-1, max-image-preview:large, max-video-preview:-1\" \/>\r\n<link rel=\"canonical\" href=\"https:\/\/vvfconsultores.com.br\/blog\/receita-federal-e-procuradoria-geral-da-fazenda-nacional-analisam-proposta-para-criar-um-cadastro-de-classificacao-de-contribuintes\/\" \/>\r\n<meta property=\"og:locale\" content=\"pt_BR\" \/>\r\n<meta property=\"og:type\" content=\"article\" \/>\r\n<meta property=\"og:title\" content=\"Receita Federal e Procuradoria Geral da Fazenda Nacional analisam proposta para criar um cadastro de classifica\u00e7\u00e3o de contribuintes - VVF Consultores Tribut\u00e1rios | Blog\" \/>\r\n<meta property=\"og:description\" content=\"A Receita Federal e a Procuradoria Geral da Fazenda Nacional (PGFN) estudam uma proposta de cria\u00e7\u00e3o de um \u201cCadastro Fiscal Positivo\u201d de contribuintes, os quais seriam classificados de acordo com hist\u00f3rico de pagamento de tributos perante o Fisco Federal. Dessa forma, os contribuintes passariam a ser classificados pela Uni\u00e3o de acordo com o perfil de [&hellip;]\" \/>\r\n<meta property=\"og:url\" content=\"https:\/\/vvfconsultores.com.br\/blog\/receita-federal-e-procuradoria-geral-da-fazenda-nacional-analisam-proposta-para-criar-um-cadastro-de-classificacao-de-contribuintes\/\" \/>\r\n<meta property=\"og:site_name\" content=\"VVF Consultores Tribut\u00e1rios | Blog\" \/>\r\n<meta property=\"article:published_time\" content=\"2018-08-23T14:55:49+00:00\" \/>\r\n<meta property=\"article:modified_time\" content=\"2020-01-06T19:38:01+00:00\" \/>\r\n<meta property=\"og:image\" content=\"https:\/\/vvfconsultores.com.br\/blog\/wp-content\/uploads\/2018\/08\/Receita-Federal-e-Procuradoria-Geral-da-Fazenda-Nacional-analisam.jpg\" \/>\r\n\t<meta property=\"og:image:width\" content=\"845\" \/>\r\n\t<meta property=\"og:image:height\" content=\"605\" \/>\r\n<meta name=\"twitter:card\" content=\"summary_large_image\" \/>\r\n<meta name=\"twitter:label1\" content=\"Est. tempo de leitura\" \/>\n\t<meta name=\"twitter:data1\" content=\"1 minuto\" \/>\r\n<script type=\"application\/ld+json\" class=\"yoast-schema-graph\">{\"@context\":\"https:\/\/schema.org\",\"@graph\":[{\"@type\":\"WebSite\",\"@id\":\"https:\/\/vvfconsultores.com.br\/blog\/#website\",\"url\":\"https:\/\/vvfconsultores.com.br\/blog\/\",\"name\":\"VVF Consultores Tribut\\u00e1rios | Blog\",\"description\":\"VVF Consultores Tribut\\u00e1rios | Blog\",\"potentialAction\":[{\"@type\":\"SearchAction\",\"target\":{\"@type\":\"EntryPoint\",\"urlTemplate\":\"https:\/\/vvfconsultores.com.br\/blog\/?s={search_term_string}\"},\"query-input\":\"required name=search_term_string\"}],\"inLanguage\":\"pt-BR\"},{\"@type\":\"ImageObject\",\"@id\":\"https:\/\/vvfconsultores.com.br\/blog\/receita-federal-e-procuradoria-geral-da-fazenda-nacional-analisam-proposta-para-criar-um-cadastro-de-classificacao-de-contribuintes\/#primaryimage\",\"inLanguage\":\"pt-BR\",\"url\":\"https:\/\/vvfconsultores.com.br\/blog\/wp-content\/uploads\/2018\/08\/Receita-Federal-e-Procuradoria-Geral-da-Fazenda-Nacional-analisam.jpg\",\"contentUrl\":\"https:\/\/vvfconsultores.com.br\/blog\/wp-content\/uploads\/2018\/08\/Receita-Federal-e-Procuradoria-Geral-da-Fazenda-Nacional-analisam.jpg\",\"width\":845,\"height\":605},{\"@type\":\"WebPage\",\"@id\":\"https:\/\/vvfconsultores.com.br\/blog\/receita-federal-e-procuradoria-geral-da-fazenda-nacional-analisam-proposta-para-criar-um-cadastro-de-classificacao-de-contribuintes\/#webpage\",\"url\":\"https:\/\/vvfconsultores.com.br\/blog\/receita-federal-e-procuradoria-geral-da-fazenda-nacional-analisam-proposta-para-criar-um-cadastro-de-classificacao-de-contribuintes\/\",\"name\":\"Receita Federal e Procuradoria Geral da Fazenda Nacional analisam proposta para criar um cadastro de classifica\\u00e7\\u00e3o de contribuintes - VVF Consultores Tribut\\u00e1rios | Blog\",\"isPartOf\":{\"@id\":\"https:\/\/vvfconsultores.com.br\/blog\/#website\"},\"primaryImageOfPage\":{\"@id\":\"https:\/\/vvfconsultores.com.br\/blog\/receita-federal-e-procuradoria-geral-da-fazenda-nacional-analisam-proposta-para-criar-um-cadastro-de-classificacao-de-contribuintes\/#primaryimage\"},\"datePublished\":\"2018-08-23T14:55:49+00:00\",\"dateModified\":\"2020-01-06T19:38:01+00:00\",\"author\":{\"@id\":\"https:\/\/vvfconsultores.com.br\/blog\/#\/schema\/person\/a5574723d239f6d42e7e7e468124bdc8\"},\"breadcrumb\":{\"@id\":\"https:\/\/vvfconsultores.com.br\/blog\/receita-federal-e-procuradoria-geral-da-fazenda-nacional-analisam-proposta-para-criar-um-cadastro-de-classificacao-de-contribuintes\/#breadcrumb\"},\"inLanguage\":\"pt-BR\",\"potentialAction\":[{\"@type\":\"ReadAction\",\"target\":[\"https:\/\/vvfconsultores.com.br\/blog\/receita-federal-e-procuradoria-geral-da-fazenda-nacional-analisam-proposta-para-criar-um-cadastro-de-classificacao-de-contribuintes\/\"]}]},{\"@type\":\"BreadcrumbList\",\"@id\":\"https:\/\/vvfconsultores.com.br\/blog\/receita-federal-e-procuradoria-geral-da-fazenda-nacional-analisam-proposta-para-criar-um-cadastro-de-classificacao-de-contribuintes\/#breadcrumb\",\"itemListElement\":[{\"@type\":\"ListItem\",\"position\":1,\"name\":\"In\\u00edcio\",\"item\":\"https:\/\/vvfconsultores.com.br\/blog\/\"},{\"@type\":\"ListItem\",\"position\":2,\"name\":\"Receita Federal e Procuradoria Geral da Fazenda Nacional analisam proposta para criar um cadastro de classifica\\u00e7\\u00e3o de contribuintes\"}]},{\"@type\":\"Person\",\"@id\":\"https:\/\/vvfconsultores.com.br\/blog\/#\/schema\/person\/a5574723d239f6d42e7e7e468124bdc8\",\"name\":\"VVF Consultores\",\"image\":{\"@type\":\"ImageObject\",\"@id\":\"https:\/\/vvfconsultores.com.br\/blog\/#personlogo\",\"inLanguage\":\"pt-BR\",\"url\":\"https:\/\/vvfconsultores.com.br\/blog\/wp-content\/uploads\/2023\/08\/vvf-autor.jpg\",\"contentUrl\":\"https:\/\/vvfconsultores.com.br\/blog\/wp-content\/uploads\/2023\/08\/vvf-autor.jpg\",\"caption\":\"VVF Consultores\"},\"url\":\"https:\/\/vvfconsultores.com.br\/blog\/author\/vvfconsult\/\"}]}<\/script>\r\n<!-- \/ Yoast SEO plugin. -->","_links":{"self":[{"href":"https:\/\/vvfconsultores.com.br\/blog\/wp-json\/wp\/v2\/posts\/607"}],"collection":[{"href":"https:\/\/vvfconsultores.com.br\/blog\/wp-json\/wp\/v2\/posts"}],"about":[{"href":"https:\/\/vvfconsultores.com.br\/blog\/wp-json\/wp\/v2\/types\/post"}],"author":[{"embeddable":true,"href":"https:\/\/vvfconsultores.com.br\/blog\/wp-json\/wp\/v2\/users\/2"}],"replies":[{"embeddable":true,"href":"https:\/\/vvfconsultores.com.br\/blog\/wp-json\/wp\/v2\/comments?post=607"}],"version-history":[{"count":2,"href":"https:\/\/vvfconsultores.com.br\/blog\/wp-json\/wp\/v2\/posts\/607\/revisions"}],"predecessor-version":[{"id":1390,"href":"https:\/\/vvfconsultores.com.br\/blog\/wp-json\/wp\/v2\/posts\/607\/revisions\/1390"}],"wp:featuredmedia":[{"embeddable":true,"href":"https:\/\/vvfconsultores.com.br\/blog\/wp-json\/wp\/v2\/media\/1389"}],"wp:attachment":[{"href":"https:\/\/vvfconsultores.com.br\/blog\/wp-json\/wp\/v2\/media?parent=607"}],"wp:term":[{"taxonomy":"category","embeddable":true,"href":"https:\/\/vvfconsultores.com.br\/blog\/wp-json\/wp\/v2\/categories?post=607"},{"taxonomy":"post_tag","embeddable":true,"href":"https:\/\/vvfconsultores.com.br\/blog\/wp-json\/wp\/v2\/tags?post=607"}],"curies":[{"name":"wp","href":"https:\/\/api.w.org\/{rel}","templated":true}]}}