{"id":362,"date":"2018-05-18T17:55:21","date_gmt":"2018-05-18T20:55:21","guid":{"rendered":"http:\/\/www.vvfconsultores.com.br\/?p=362"},"modified":"2020-01-06T18:23:18","modified_gmt":"2020-01-06T20:23:18","slug":"carf-consolida-mudancas-tributacao-sobre-subvencao-para-investimento","status":"publish","type":"post","link":"https:\/\/vvfconsultores.com.br\/blog\/carf-consolida-mudancas-tributacao-sobre-subvencao-para-investimento\/","title":{"rendered":"Decis\u00e3o do CARF Consolida Mudan\u00e7as na Tributa\u00e7\u00e3o sobre Subven\u00e7\u00e3o para Investimento"},"content":{"rendered":"<h2><strong>Mudan\u00e7as Propostas Pela LC N\u00b0 160\/2017 para Subven\u00e7\u00e3o Para Investimento<\/strong><\/h2>\n<p>Mais uma vez o tema subven\u00e7\u00e3o para investimento teve papel de destaque no contexto tribut\u00e1rio.<\/p>\n<p>Recentemente, o CARF emitiu uma decis\u00e3o que solidifica algumas mudan\u00e7as propostas pela Lei Complementar n\u00b0 160\/2017, que acrescentou os par\u00e1grafos 4\u00b0 e 5\u00b0 ao artigo 30 da Lei 12.973\/2014, que regulamenta a tributa\u00e7\u00e3o de IRPJ e CSLL sobre subven\u00e7\u00e3o para investimento.<\/p>\n<p>A Lei 12.973\/2014 j\u00e1 determinava que as subven\u00e7\u00f5es para investimento n\u00e3o seriam computadas na apura\u00e7\u00e3o do lucro real, e, por consequ\u00eancia, n\u00e3o iriam compor a base de c\u00e1lculo para a determina\u00e7\u00e3o do IR\/CSLL.<\/p>\n<p>A lei tamb\u00e9m previa que, a partir de 2014, as subven\u00e7\u00f5es para investimento n\u00e3o deveriam compor a base de c\u00e1lculo da apura\u00e7\u00e3o de PIS\/COFINS.<\/p>\n<p>&nbsp;<\/p>\n<h2><strong>Benef\u00edcios Fiscais ou Financeiro-Fiscais do ICMS como Subven\u00e7\u00f5es para Investimento<\/strong><\/h2>\n<p>O que a Lei Complementar n\u00b0 160\/2017 trouxe de novo foi definir, pela a\u00e7\u00e3o da lei, que os benef\u00edcios fiscais ou financeiro-fiscais relativos ao ICMS s\u00e3o considerados subven\u00e7\u00f5es para investimento (4\u00b0 par\u00e1grafo), e que o disposto no 4\u00b0 par\u00e1grafo aplica-se inclusive aos processos administrativos e judiciais ainda n\u00e3o definitivamente julgados (5\u00b0 par\u00e1grafo), ou seja, a nova norma j\u00e1 incide sobre os processos administrativos e judiciais em curso.<\/p>\n<p>\u00c9 preciso ressaltar que esses dois par\u00e1grafos tratam do c\u00e1lculo relacionado \u00e0 composi\u00e7\u00e3o do IR\/CSLL, e portando, n\u00e3o s\u00e3o aplic\u00e1veis para processos relativos a PIS\/COFINS anteriores \u00e0 concep\u00e7\u00e3o da lei.<\/p>\n<p>A decis\u00e3o do CARF sobre o processo envolvendo a CDI-I BRASIL (<a href=\"https:\/\/carf.fazenda.gov.br\/sincon\/public\/pages\/ConsultarJurisprudencia\/listaJurisprudenciaCarf.jsf\">10508.000947\/2007-48<\/a>), refletiu e consolidou as novas mudan\u00e7as citadas.<\/p>\n<p>Considerou-se que os benef\u00edcios financeiro-fiscais relativos ao ICMS (subven\u00e7\u00f5es) n\u00e3o deveriam compor a base de c\u00e1lculo do IRPJ\/CSLL, mas deveriam compor a base de c\u00e1lculo para a apura\u00e7\u00e3o de PIS\/COFINS.<\/p>\n<p>Vale destacar que, a decis\u00e3o \u00e9 referente ao ano de 2007, anterior \u00e0 Lei 12.973\/2014, quando n\u00e3o havia previs\u00e3o para a n\u00e3o tributa\u00e7\u00e3o do PIS e da Cofins sobre subven\u00e7\u00f5es.<\/p>\n<p>Desta forma, verificamos que o CARF est\u00e1 de acordo com o que se encontra na lei atual.<\/p>\n","protected":false},"excerpt":{"rendered":"<p>Mudan\u00e7as Propostas Pela LC N\u00b0 160\/2017 para Subven\u00e7\u00e3o Para Investimento Mais uma vez o tema subven\u00e7\u00e3o para investimento teve papel de destaque no contexto tribut\u00e1rio. Recentemente, o CARF emitiu uma decis\u00e3o que solidifica algumas mudan\u00e7as propostas pela Lei Complementar n\u00b0 160\/2017, que acrescentou os par\u00e1grafos 4\u00b0 e 5\u00b0 ao artigo 30 da Lei 12.973\/2014, que [&hellip;]<\/p>\n","protected":false},"author":2,"featured_media":1418,"comment_status":"open","ping_status":"open","sticky":false,"template":"","format":"standard","meta":{"footnotes":""},"categories":[4],"tags":[],"yoast_head":"<!-- This site is optimized with the Yoast SEO plugin v16.6.1 - https:\/\/yoast.com\/wordpress\/plugins\/seo\/ -->\r\n<title>Decis\u00e3o do CARF Consolida Mudan\u00e7as na Tributa\u00e7\u00e3o sobre Subven\u00e7\u00e3o para Investimento<\/title>\r\n<meta name=\"robots\" content=\"index, follow, max-snippet:-1, max-image-preview:large, max-video-preview:-1\" \/>\r\n<link rel=\"canonical\" href=\"https:\/\/vvfconsultores.com.br\/blog\/carf-consolida-mudancas-tributacao-sobre-subvencao-para-investimento\/\" \/>\r\n<meta property=\"og:locale\" content=\"pt_BR\" \/>\r\n<meta property=\"og:type\" content=\"article\" \/>\r\n<meta property=\"og:title\" content=\"Decis\u00e3o do CARF Consolida Mudan\u00e7as na Tributa\u00e7\u00e3o sobre Subven\u00e7\u00e3o para Investimento\" \/>\r\n<meta property=\"og:description\" content=\"Mudan\u00e7as Propostas Pela LC N\u00b0 160\/2017 para Subven\u00e7\u00e3o Para Investimento Mais uma vez o tema subven\u00e7\u00e3o para investimento teve papel de destaque no contexto tribut\u00e1rio. Recentemente, o CARF emitiu uma decis\u00e3o que solidifica algumas mudan\u00e7as propostas pela Lei Complementar n\u00b0 160\/2017, que acrescentou os par\u00e1grafos 4\u00b0 e 5\u00b0 ao artigo 30 da Lei 12.973\/2014, que [&hellip;]\" \/>\r\n<meta property=\"og:url\" content=\"https:\/\/vvfconsultores.com.br\/blog\/carf-consolida-mudancas-tributacao-sobre-subvencao-para-investimento\/\" \/>\r\n<meta property=\"og:site_name\" content=\"VVF Consultores Tribut\u00e1rios | Blog\" \/>\r\n<meta property=\"article:published_time\" content=\"2018-05-18T20:55:21+00:00\" \/>\r\n<meta property=\"article:modified_time\" content=\"2020-01-06T20:23:18+00:00\" \/>\r\n<meta property=\"og:image\" content=\"https:\/\/vvfconsultores.com.br\/blog\/wp-content\/uploads\/2018\/05\/23-decisao-1.jpg\" \/>\r\n\t<meta property=\"og:image:width\" content=\"845\" \/>\r\n\t<meta property=\"og:image:height\" content=\"605\" \/>\r\n<meta name=\"twitter:card\" content=\"summary_large_image\" \/>\r\n<meta name=\"twitter:label1\" content=\"Est. tempo de leitura\" \/>\n\t<meta name=\"twitter:data1\" content=\"2 minutos\" \/>\r\n<script type=\"application\/ld+json\" class=\"yoast-schema-graph\">{\"@context\":\"https:\/\/schema.org\",\"@graph\":[{\"@type\":\"WebSite\",\"@id\":\"https:\/\/vvfconsultores.com.br\/blog\/#website\",\"url\":\"https:\/\/vvfconsultores.com.br\/blog\/\",\"name\":\"VVF Consultores Tribut\\u00e1rios | Blog\",\"description\":\"VVF Consultores Tribut\\u00e1rios | Blog\",\"potentialAction\":[{\"@type\":\"SearchAction\",\"target\":{\"@type\":\"EntryPoint\",\"urlTemplate\":\"https:\/\/vvfconsultores.com.br\/blog\/?s={search_term_string}\"},\"query-input\":\"required name=search_term_string\"}],\"inLanguage\":\"pt-BR\"},{\"@type\":\"ImageObject\",\"@id\":\"https:\/\/vvfconsultores.com.br\/blog\/carf-consolida-mudancas-tributacao-sobre-subvencao-para-investimento\/#primaryimage\",\"inLanguage\":\"pt-BR\",\"url\":\"https:\/\/vvfconsultores.com.br\/blog\/wp-content\/uploads\/2018\/05\/23-decisao-1.jpg\",\"contentUrl\":\"https:\/\/vvfconsultores.com.br\/blog\/wp-content\/uploads\/2018\/05\/23-decisao-1.jpg\",\"width\":845,\"height\":605},{\"@type\":\"WebPage\",\"@id\":\"https:\/\/vvfconsultores.com.br\/blog\/carf-consolida-mudancas-tributacao-sobre-subvencao-para-investimento\/#webpage\",\"url\":\"https:\/\/vvfconsultores.com.br\/blog\/carf-consolida-mudancas-tributacao-sobre-subvencao-para-investimento\/\",\"name\":\"Decis\\u00e3o do CARF Consolida Mudan\\u00e7as na Tributa\\u00e7\\u00e3o sobre Subven\\u00e7\\u00e3o para Investimento\",\"isPartOf\":{\"@id\":\"https:\/\/vvfconsultores.com.br\/blog\/#website\"},\"primaryImageOfPage\":{\"@id\":\"https:\/\/vvfconsultores.com.br\/blog\/carf-consolida-mudancas-tributacao-sobre-subvencao-para-investimento\/#primaryimage\"},\"datePublished\":\"2018-05-18T20:55:21+00:00\",\"dateModified\":\"2020-01-06T20:23:18+00:00\",\"author\":{\"@id\":\"https:\/\/vvfconsultores.com.br\/blog\/#\/schema\/person\/a5574723d239f6d42e7e7e468124bdc8\"},\"breadcrumb\":{\"@id\":\"https:\/\/vvfconsultores.com.br\/blog\/carf-consolida-mudancas-tributacao-sobre-subvencao-para-investimento\/#breadcrumb\"},\"inLanguage\":\"pt-BR\",\"potentialAction\":[{\"@type\":\"ReadAction\",\"target\":[\"https:\/\/vvfconsultores.com.br\/blog\/carf-consolida-mudancas-tributacao-sobre-subvencao-para-investimento\/\"]}]},{\"@type\":\"BreadcrumbList\",\"@id\":\"https:\/\/vvfconsultores.com.br\/blog\/carf-consolida-mudancas-tributacao-sobre-subvencao-para-investimento\/#breadcrumb\",\"itemListElement\":[{\"@type\":\"ListItem\",\"position\":1,\"name\":\"In\\u00edcio\",\"item\":\"https:\/\/vvfconsultores.com.br\/blog\/\"},{\"@type\":\"ListItem\",\"position\":2,\"name\":\"Decis\\u00e3o do CARF Consolida Mudan\\u00e7as na Tributa\\u00e7\\u00e3o sobre Subven\\u00e7\\u00e3o para Investimento\"}]},{\"@type\":\"Person\",\"@id\":\"https:\/\/vvfconsultores.com.br\/blog\/#\/schema\/person\/a5574723d239f6d42e7e7e468124bdc8\",\"name\":\"VVF Consultores\",\"image\":{\"@type\":\"ImageObject\",\"@id\":\"https:\/\/vvfconsultores.com.br\/blog\/#personlogo\",\"inLanguage\":\"pt-BR\",\"url\":\"https:\/\/vvfconsultores.com.br\/blog\/wp-content\/uploads\/2023\/08\/vvf-autor.jpg\",\"contentUrl\":\"https:\/\/vvfconsultores.com.br\/blog\/wp-content\/uploads\/2023\/08\/vvf-autor.jpg\",\"caption\":\"VVF Consultores\"},\"url\":\"https:\/\/vvfconsultores.com.br\/blog\/author\/vvfconsult\/\"}]}<\/script>\r\n<!-- \/ Yoast SEO plugin. -->","_links":{"self":[{"href":"https:\/\/vvfconsultores.com.br\/blog\/wp-json\/wp\/v2\/posts\/362"}],"collection":[{"href":"https:\/\/vvfconsultores.com.br\/blog\/wp-json\/wp\/v2\/posts"}],"about":[{"href":"https:\/\/vvfconsultores.com.br\/blog\/wp-json\/wp\/v2\/types\/post"}],"author":[{"embeddable":true,"href":"https:\/\/vvfconsultores.com.br\/blog\/wp-json\/wp\/v2\/users\/2"}],"replies":[{"embeddable":true,"href":"https:\/\/vvfconsultores.com.br\/blog\/wp-json\/wp\/v2\/comments?post=362"}],"version-history":[{"count":1,"href":"https:\/\/vvfconsultores.com.br\/blog\/wp-json\/wp\/v2\/posts\/362\/revisions"}],"predecessor-version":[{"id":1012,"href":"https:\/\/vvfconsultores.com.br\/blog\/wp-json\/wp\/v2\/posts\/362\/revisions\/1012"}],"wp:featuredmedia":[{"embeddable":true,"href":"https:\/\/vvfconsultores.com.br\/blog\/wp-json\/wp\/v2\/media\/1418"}],"wp:attachment":[{"href":"https:\/\/vvfconsultores.com.br\/blog\/wp-json\/wp\/v2\/media?parent=362"}],"wp:term":[{"taxonomy":"category","embeddable":true,"href":"https:\/\/vvfconsultores.com.br\/blog\/wp-json\/wp\/v2\/categories?post=362"},{"taxonomy":"post_tag","embeddable":true,"href":"https:\/\/vvfconsultores.com.br\/blog\/wp-json\/wp\/v2\/tags?post=362"}],"curies":[{"name":"wp","href":"https:\/\/api.w.org\/{rel}","templated":true}]}}