{"id":3097,"date":"2024-12-12T16:01:56","date_gmt":"2024-12-12T18:01:56","guid":{"rendered":"https:\/\/vvfconsultores.com.br\/blog\/?p=3097"},"modified":"2024-12-12T16:01:56","modified_gmt":"2024-12-12T18:01:56","slug":"quebras-tecnicas-e-a-nao-incidencia-de-icms","status":"publish","type":"post","link":"https:\/\/vvfconsultores.com.br\/blog\/quebras-tecnicas-e-a-nao-incidencia-de-icms\/","title":{"rendered":"Quebras T\u00e9cnicas e a N\u00e3o Incid\u00eancia de ICMS"},"content":{"rendered":"<p style=\"text-align: right;\"><b><span data-contrast=\"auto\">Fl\u00e1vio F. P. Vieira dos Santos<\/span><\/b><span data-ccp-props=\"{&quot;201341983&quot;:0,&quot;335551550&quot;:3,&quot;335551620&quot;:3,&quot;335559739&quot;:0,&quot;335559740&quot;:240}\"><br \/>\n<\/span><b><span data-contrast=\"auto\">Ricardo R. Bardella<\/span><\/b><span data-ccp-props=\"{&quot;201341983&quot;:0,&quot;335551550&quot;:3,&quot;335551620&quot;:3,&quot;335559739&quot;:0,&quot;335559740&quot;:240}\">\u00a0<\/span><\/p>\n<p>&nbsp;<\/p>\n<p><span data-contrast=\"auto\">A (n\u00e3o) incid\u00eancia de ICMS (Imposto sobre Circula\u00e7\u00e3o de Mercadorias e Servi\u00e7os) nas chamadas &#8220;quebras t\u00e9cnicas&#8221; \u2014 a perda natural de massa de produtos durante o transporte ou armazenamento \u2014 tem sido um ponto de debate relevante no cen\u00e1rio tribut\u00e1rio brasileiro. Este artigo busca esclarecer por que esse tributo n\u00e3o deve incidir nestas situa\u00e7\u00f5es, utilizando o caso espec\u00edfico da soja exportada.<\/span><span data-ccp-props=\"{&quot;335551550&quot;:6,&quot;335551620&quot;:6,&quot;335559685&quot;:284}\">\u00a0<\/span><\/p>\n<h3><b><span data-contrast=\"auto\">1. O Fen\u00f4meno das Quebras T\u00e9cnicas<\/span><\/b><span data-ccp-props=\"{&quot;201341983&quot;:0,&quot;335551550&quot;:6,&quot;335551620&quot;:6,&quot;335559740&quot;:360,&quot;335559991&quot;:578}\">\u00a0<\/span><\/h3>\n<p><span data-contrast=\"auto\">As quebras t\u00e9cnicas referem-se ao fen\u00f4meno natural &#8211; em geral, de sementes e gr\u00e3os &#8211; cuja atividade respirat\u00f3ria resulta em perda de sua massa. Esse fen\u00f4meno independe da a\u00e7\u00e3o humana, e \u00e9 ampliado por situa\u00e7\u00f5es de clima quente e \u00famido \u2013 como s\u00e3o as condi\u00e7\u00f5es clim\u00e1ticas na maior parte do Brasil &#8211; especialmente em trajetos longos de locomo\u00e7\u00e3o pelos modais rodovi\u00e1rio e ferrovi\u00e1rio.<\/span><span data-ccp-props=\"{&quot;335551550&quot;:6,&quot;335551620&quot;:6,&quot;335559685&quot;:284}\">\u00a0<\/span><\/p>\n<p><span data-contrast=\"auto\">Nesse contexto, as quebras n\u00e3o s\u00e3o fruto de m\u00e1 gest\u00e3o ou descuido por parte do contribuinte, mas sim de processos f\u00edsicos e biol\u00f3gicos naturais. As sementes e gr\u00e3os de produtos agr\u00edcolas, como qualquer outro produto org\u00e2nico, continuam respirando e perdendo massa ap\u00f3s a colheita, e essa perda \u00e9 cientificamente quantific\u00e1vel. Portanto, a varia\u00e7\u00e3o entre a quantidade de soja remetida e a efetivamente exportada decorre de fatores alheios \u00e0 vontade humana, como \u00e9 o caso das longas dist\u00e2ncias percorridas e o tempo de armazenagem.<\/span><span data-ccp-props=\"{&quot;335551550&quot;:6,&quot;335551620&quot;:6,&quot;335559685&quot;:284}\">\u00a0<\/span><\/p>\n<p><span data-contrast=\"auto\">A despeito de ser um fen\u00f4meno natural, isto pode ser tornar um problema em situa\u00e7\u00f5es em que os gr\u00e3os e sementes s\u00e3o remetidos para a exporta\u00e7\u00e3o. Nestes casos, as notas fiscais de sa\u00edda do estabelecimento remetente apontam um peso l\u00edquido superior \u00e0quele que, efetivamente, chegar\u00e1 ao porto no qual ocorrer\u00e1 a exporta\u00e7\u00e3o propriamente dita.<\/span><span data-ccp-props=\"{&quot;335551550&quot;:6,&quot;335551620&quot;:6,&quot;335559685&quot;:284}\">\u00a0<\/span><\/p>\n<p><span data-contrast=\"auto\">Trata-se de uma preocupa\u00e7\u00e3o alfandeg\u00e1ria leg\u00edtima na medida em que o produto a ser exportado pode ter sido vilipendiado no trajeto at\u00e9 o porto e exporta\u00e7\u00e3o, inclusive com prop\u00f3sitos il\u00edcitos. Sob uma perspectiva tribut\u00e1ria, isto tamb\u00e9m implica a arrecada\u00e7\u00e3o de ICMS, ainda que as sa\u00eddas em exporta\u00e7\u00e3o estejam amparadas pela imunidade.<\/span><span data-ccp-props=\"{&quot;335551550&quot;:6,&quot;335551620&quot;:6,&quot;335559685&quot;:284}\">\u00a0<\/span><\/p>\n<p><span data-contrast=\"auto\">Ao mesmo tempo, o contribuinte n\u00e3o pode ser compelido ao recolhimento do ICMS de forma indevida, uma vez que a \u201cquebra t\u00e9cnica\u201d \u00e9 um fen\u00f4meno natural, e fora de seu controle. Com efeito, n\u00e3o h\u00e1 sequer materialidade para a incid\u00eancia do imposto neste caso.<\/span><span data-ccp-props=\"{&quot;335551550&quot;:6,&quot;335551620&quot;:6,&quot;335559685&quot;:284}\">\u00a0<\/span><\/p>\n<h3><b><span data-contrast=\"auto\">2. A Inexist\u00eancia de Fato Gerador do ICMS<\/span><\/b><span data-ccp-props=\"{&quot;201341983&quot;:0,&quot;335551550&quot;:6,&quot;335551620&quot;:6,&quot;335559740&quot;:360,&quot;335559991&quot;:437}\">\u00a0<\/span><\/h3>\n<p><span data-contrast=\"auto\">De acordo com a Constitui\u00e7\u00e3o Federal e a jurisprud\u00eancia consolidada pelo Superior Tribunal de Justi\u00e7a (STJ), o ICMS incide sobre a circula\u00e7\u00e3o de mercadorias que implique transfer\u00eancia de titularidade e agrega\u00e7\u00e3o de valor econ\u00f4mico. Sob esta perspectiva, as quebras t\u00e9cnicas n\u00e3o configuram um fato gerador tribut\u00e1rio, j\u00e1 que n\u00e3o h\u00e1 circula\u00e7\u00e3o de mercadoria ou qualquer opera\u00e7\u00e3o econ\u00f4mica correspondente.<\/span><span data-ccp-props=\"{&quot;335551550&quot;:6,&quot;335551620&quot;:6,&quot;335559685&quot;:284}\">\u00a0<\/span><\/p>\n<p><span data-contrast=\"auto\">As perdas de massa, como a dilata\u00e7\u00e3o volum\u00e9trica no transporte de combust\u00edveis ou a evapora\u00e7\u00e3o no caso da cana-de-a\u00e7\u00facar, s\u00e3o exemplos de fen\u00f4menos f\u00edsicos que n\u00e3o podem ser enquadrados como hip\u00f3tese de incid\u00eancia do ICMS. Nesses casos, n\u00e3o h\u00e1 venda, nem circula\u00e7\u00e3o econ\u00f4mica relevante, e, portanto, a tributa\u00e7\u00e3o n\u00e3o deve ser aplicada.<\/span><span data-ccp-props=\"{&quot;335551550&quot;:6,&quot;335551620&quot;:6,&quot;335559685&quot;:284}\">\u00a0<\/span><\/p>\n<p><span data-contrast=\"auto\">Um caso semelhante julgado pelo STJ pode ser utilizado para refletir sobre a quest\u00e3o. Em 2020, a 1\u00aa Turma do STJ firmou o entendimento de que o fen\u00f4meno da dilata\u00e7\u00e3o volum\u00e9trica do combust\u00edvel n\u00e3o se amolda \u00e0 descri\u00e7\u00e3o normativa hipot\u00e9tica que constitui o fato gerador do ICMS. Isso porque n\u00e3o se pode confundir o fen\u00f4meno f\u00edsico com a natureza jur\u00eddica das coisas (Recurso Especial n.\u00ba 1.884.431).<\/span><span data-ccp-props=\"{&quot;335551550&quot;:6,&quot;335551620&quot;:6,&quot;335559685&quot;:284}\">\u00a0<\/span><\/p>\n<p><span data-contrast=\"auto\">A Fazenda P\u00fablica do Estado da Para\u00edba buscava o reconhecimento da incid\u00eancia do ICMS sobre o volume dilatado de combust\u00edvel. Em outras palavras, sobre o volume de combust\u00edvel que, em raz\u00e3o do calor, expandiu-se. A 1\u00aa Turma do STJ, por unanimidade, afastou a tese, sob o fundamento de que fen\u00f4menos naturais n\u00e3o constituem fato gerador do ICMS. Nas palavras da Ministra Regina Helena Costa:<\/span><i><span data-contrast=\"auto\"> \u201c\u00c9 tudo que a tributa\u00e7\u00e3o n\u00e3o deve ser: a tributa\u00e7\u00e3o sobre uma fic\u00e7\u00e3o\u201d.<\/span><\/i><span data-ccp-props=\"{&quot;335551550&quot;:6,&quot;335551620&quot;:6,&quot;335559685&quot;:284}\">\u00a0<\/span><\/p>\n<p><span data-contrast=\"auto\">Trata-se de um entendimento muito razo\u00e1vel. Mesmo porque, diversos Estados brasileiros j\u00e1 reconhecem a legitimidade das quebras t\u00e9cnicas em seus regulamentos, ainda que sob percentuais \u00ednfimos. \u00c9 o caso do Estado de Mato Grosso, por exemplo, que, em seu Regulamento do ICMS (RICMS\/MT), prev\u00ea a exclus\u00e3o de at\u00e9 1% de varia\u00e7\u00e3o na quantidade de gr\u00e3os transportados como quebra t\u00e9cnica aceit\u00e1vel, sem incid\u00eancia de ICMS.<\/span><span data-ccp-props=\"{&quot;335551550&quot;:6,&quot;335551620&quot;:6,&quot;335559685&quot;:284}\">\u00a0<\/span><\/p>\n<p><span data-contrast=\"auto\">A despeito de algumas legisla\u00e7\u00f5es de ICMS reconhecerem a n\u00e3o incid\u00eancia do imposto sobre os valores de quebras t\u00e9cnicas dentro dos percentuais legais, o fisco estadual lavra autos de infra\u00e7\u00e3o sem ressalvas quanto \u00e0 propor\u00e7\u00e3o de mercadorias perdidas. Trata-se de uma conduta fiscal contradit\u00f3ria, que enseja a litigiosidade nos \u00e2mbitos administrativo e do Poder Judici\u00e1rio, al\u00e9m de custos tanto ao Estado, quanto aos contribuintes. A despeito das tecnicidades pertinentes \u00e0 comprova\u00e7\u00e3o dos percentuais de quebras t\u00e9cnicas, o fen\u00f4meno da quebra, em si, n\u00e3o pode ser ignorado, sobretudo quando reconhecido pela pr\u00f3pria legisla\u00e7\u00e3o estadual.<\/span><span data-ccp-props=\"{&quot;335551550&quot;:6,&quot;335551620&quot;:6,&quot;335559685&quot;:284}\">\u00a0<\/span><\/p>\n<p><span data-contrast=\"auto\">De modo igualmente contradit\u00f3rio, o Estado do Maranh\u00e3o reconhece a n\u00e3o incid\u00eancia de ICMS sobre os valores relativos \u00e0s quebras t\u00e9cnicas, mas apenas quando as opera\u00e7\u00f5es s\u00e3o internas, conforme o Parecer.\u00ba 25\/2022, da CEGAT\/COTET\/MA. N\u00e3o parece uma discrimina\u00e7\u00e3o razo\u00e1vel. Na realidade, chega a ser contradit\u00f3ria, na medida em que as opera\u00e7\u00f5es de exporta\u00e7\u00e3o sa\u00eddas do Estado do Maranh\u00e3o tendem a percorrer um caminho muito maior at\u00e9 os principais portos de exporta\u00e7\u00e3o do pa\u00eds, o que, naturalmente, os submete a condi\u00e7\u00f5es mais intensas de umidade e calor e intensificam o fen\u00f4meno das quebras t\u00e9cnicas.<\/span><span data-ccp-props=\"{&quot;335551550&quot;:6,&quot;335551620&quot;:6,&quot;335559685&quot;:284}\">\u00a0<\/span><\/p>\n<p><span data-contrast=\"auto\">Um paralelo pode ser feito entre as situa\u00e7\u00f5es de quebras t\u00e9cnicas e outras em que tamb\u00e9m h\u00e1 a perda da mercadoria por raz\u00f5es fora do controle e alheias \u00e0 vontade da empresa remetente. Esta situa\u00e7\u00e3o \u00e9 ilustrada nos casos de roubo ou furto da carga durante a locomo\u00e7\u00e3o ou ainda em perdas decorrentes de acidentes, sejam automobil\u00edsticos ou decorrentes de causas naturais, tais como deslizamentos de terra e chuvas torrenciais que v\u00eam se tornando cada vez mais comuns em raz\u00e3o das mudan\u00e7as clim\u00e1ticas.<\/span><span data-ccp-props=\"{&quot;335551550&quot;:6,&quot;335551620&quot;:6,&quot;335559685&quot;:284}\">\u00a0<\/span><\/p>\n<p><span data-contrast=\"auto\">No caso de cargas roubadas, h\u00e1 precedentes favor\u00e1veis para afastar a exig\u00eancia de ICMS, como os ac\u00f3rd\u00e3os dos processos n.\u00ba 5003293-43.2020.4.03.6119 (TRF3); 0011633-88.2010.8.08.0024 (TJES); 1058367-06.2021.8.26.0053 (TJSP); e 0003362-76.2009.8.12.0004 (TJMS). Em todos os casos mencionados, o que se tem \u00e9 uma situa\u00e7\u00e3o em que a empresa remetente, embora possa tomar algumas precau\u00e7\u00f5es para evitar a perda da mercadoria, n\u00e3o possui e nem tem condi\u00e7\u00f5es de possuir o absoluto controle sobre o translado.\u00a0<\/span><span data-ccp-props=\"{&quot;335551550&quot;:6,&quot;335551620&quot;:6,&quot;335559685&quot;:284}\">\u00a0<\/span><\/p>\n<p><span data-contrast=\"auto\">Ainda mais importante: em raz\u00e3o da perda do bem, este sequer chegou a ser comercializado \u2013 interna ou externamente \u2013 e, portanto, est\u00e3o ausentes os signos de materialidade aptos a ensejar a incid\u00eancia do ICMS.\u00a0<\/span><span data-ccp-props=\"{&quot;335551550&quot;:6,&quot;335551620&quot;:6,&quot;335559685&quot;:284}\">\u00a0<\/span><\/p>\n<h3><span data-ccp-props=\"{&quot;201341983&quot;:0,&quot;335551550&quot;:6,&quot;335551620&quot;:6,&quot;335559731&quot;:1134,&quot;335559740&quot;:360}\">3. <\/span><b><span data-contrast=\"auto\">Considera\u00e7\u00f5es finais:<\/span><\/b><span data-ccp-props=\"{&quot;201341983&quot;:0,&quot;335551550&quot;:6,&quot;335551620&quot;:6,&quot;335559740&quot;:360,&quot;335559991&quot;:437}\">\u00a0<\/span><\/h3>\n<p><span data-contrast=\"auto\">As quebras t\u00e9cnicas s\u00e3o um fen\u00f4meno natural e inevit\u00e1vel no transporte e armazenagem de mercadorias, particularmente em opera\u00e7\u00f5es log\u00edsticas complexas, como a exporta\u00e7\u00e3o de soja e milho no Brasil. A jurisprud\u00eancia do STJ e a regulamenta\u00e7\u00f5es estaduais reconhecem essas circunst\u00e2ncias, e h\u00e1 decis\u00f5es e pareceres administrativos que afastam a incid\u00eancia do ICMS nessas condi\u00e7\u00f5es, j\u00e1 que n\u00e3o se configuram como fatos geradores do imposto.\u00a0<\/span><span data-ccp-props=\"{&quot;335551550&quot;:6,&quot;335551620&quot;:6,&quot;335559685&quot;:284}\">\u00a0<\/span><\/p>\n<p><span data-contrast=\"auto\">Ainda assim, s\u00e3o muitos os casos em que o fisco estadual procede com a autua\u00e7\u00e3o do valor integral da opera\u00e7\u00e3o, desconsiderando os percentuais de quebras t\u00e9cnicas.\u00a0<\/span><span data-ccp-props=\"{&quot;335551550&quot;:6,&quot;335551620&quot;:6,&quot;335559685&quot;:284}\">\u00a0<\/span><\/p>\n<p><span data-contrast=\"auto\">Ademais, n\u00e3o h\u00e1 uma posi\u00e7\u00e3o un\u00e2nime e pac\u00edfica do Poder Judici\u00e1rio sobre a tem\u00e1tica, o que implica em inseguran\u00e7a jur\u00eddica para o setor agroexportador.\u00a0<\/span><span data-ccp-props=\"{&quot;335551550&quot;:6,&quot;335551620&quot;:6,&quot;335559685&quot;:284}\">\u00a0<\/span><\/p>\n<p><span data-contrast=\"auto\">Em conclus\u00e3o, entende-se que a cobran\u00e7a de ICMS sobre essas diferen\u00e7as apuradas seria indevida, uma vez que n\u00e3o houve comercializa\u00e7\u00e3o ou circula\u00e7\u00e3o econ\u00f4mica das mercadorias, tampouco qualquer outro signo que importe materialidade tribut\u00e1ria que se associe \u00e0 quebra t\u00e9cnica.<\/span><span data-ccp-props=\"{&quot;335551550&quot;:6,&quot;335551620&quot;:6,&quot;335559685&quot;:284}\">\u00a0<\/span><\/p>\n","protected":false},"excerpt":{"rendered":"<p>Fl\u00e1vio F. P. Vieira dos Santos Ricardo R. Bardella\u00a0 &nbsp; A (n\u00e3o) incid\u00eancia de ICMS (Imposto sobre Circula\u00e7\u00e3o de Mercadorias e Servi\u00e7os) nas chamadas &#8220;quebras t\u00e9cnicas&#8221; \u2014 a perda natural de massa de produtos durante o transporte ou armazenamento \u2014 tem sido um ponto de debate relevante no cen\u00e1rio tribut\u00e1rio brasileiro. Este artigo busca esclarecer [&hellip;]<\/p>\n","protected":false},"author":2,"featured_media":3098,"comment_status":"open","ping_status":"open","sticky":false,"template":"","format":"standard","meta":{"footnotes":""},"categories":[5],"tags":[],"yoast_head":"<!-- This site is optimized with the Yoast SEO plugin v16.6.1 - https:\/\/yoast.com\/wordpress\/plugins\/seo\/ -->\r\n<title>Quebras T\u00e9cnicas e a N\u00e3o Incid\u00eancia de ICMS - VVF Consultores Tribut\u00e1rios | Blog<\/title>\r\n<meta name=\"robots\" content=\"index, follow, max-snippet:-1, max-image-preview:large, max-video-preview:-1\" \/>\r\n<link rel=\"canonical\" href=\"https:\/\/vvfconsultores.com.br\/blog\/quebras-tecnicas-e-a-nao-incidencia-de-icms\/\" \/>\r\n<meta property=\"og:locale\" content=\"pt_BR\" \/>\r\n<meta property=\"og:type\" content=\"article\" \/>\r\n<meta property=\"og:title\" content=\"Quebras T\u00e9cnicas e a N\u00e3o Incid\u00eancia de ICMS - VVF Consultores Tribut\u00e1rios | Blog\" \/>\r\n<meta property=\"og:description\" content=\"Fl\u00e1vio F. P. Vieira dos Santos Ricardo R. Bardella\u00a0 &nbsp; A (n\u00e3o) incid\u00eancia de ICMS (Imposto sobre Circula\u00e7\u00e3o de Mercadorias e Servi\u00e7os) nas chamadas &#8220;quebras t\u00e9cnicas&#8221; \u2014 a perda natural de massa de produtos durante o transporte ou armazenamento \u2014 tem sido um ponto de debate relevante no cen\u00e1rio tribut\u00e1rio brasileiro. Este artigo busca esclarecer [&hellip;]\" \/>\r\n<meta property=\"og:url\" content=\"https:\/\/vvfconsultores.com.br\/blog\/quebras-tecnicas-e-a-nao-incidencia-de-icms\/\" \/>\r\n<meta property=\"og:site_name\" content=\"VVF Consultores Tribut\u00e1rios | Blog\" \/>\r\n<meta property=\"article:published_time\" content=\"2024-12-12T18:01:56+00:00\" \/>\r\n<meta property=\"og:image\" content=\"https:\/\/vvfconsultores.com.br\/blog\/wp-content\/uploads\/2024\/12\/3-Artigo-Blog.jpg\" \/>\r\n\t<meta property=\"og:image:width\" content=\"845\" \/>\r\n\t<meta property=\"og:image:height\" content=\"605\" \/>\r\n<meta name=\"twitter:card\" content=\"summary_large_image\" \/>\r\n<meta name=\"twitter:label1\" content=\"Est. tempo de leitura\" \/>\n\t<meta name=\"twitter:data1\" content=\"8 minutos\" \/>\r\n<script type=\"application\/ld+json\" class=\"yoast-schema-graph\">{\"@context\":\"https:\/\/schema.org\",\"@graph\":[{\"@type\":\"WebSite\",\"@id\":\"https:\/\/vvfconsultores.com.br\/blog\/#website\",\"url\":\"https:\/\/vvfconsultores.com.br\/blog\/\",\"name\":\"VVF Consultores Tribut\\u00e1rios | Blog\",\"description\":\"VVF Consultores Tribut\\u00e1rios | Blog\",\"potentialAction\":[{\"@type\":\"SearchAction\",\"target\":{\"@type\":\"EntryPoint\",\"urlTemplate\":\"https:\/\/vvfconsultores.com.br\/blog\/?s={search_term_string}\"},\"query-input\":\"required name=search_term_string\"}],\"inLanguage\":\"pt-BR\"},{\"@type\":\"ImageObject\",\"@id\":\"https:\/\/vvfconsultores.com.br\/blog\/quebras-tecnicas-e-a-nao-incidencia-de-icms\/#primaryimage\",\"inLanguage\":\"pt-BR\",\"url\":\"https:\/\/vvfconsultores.com.br\/blog\/wp-content\/uploads\/2024\/12\/3-Artigo-Blog.jpg\",\"contentUrl\":\"https:\/\/vvfconsultores.com.br\/blog\/wp-content\/uploads\/2024\/12\/3-Artigo-Blog.jpg\",\"width\":845,\"height\":605},{\"@type\":\"WebPage\",\"@id\":\"https:\/\/vvfconsultores.com.br\/blog\/quebras-tecnicas-e-a-nao-incidencia-de-icms\/#webpage\",\"url\":\"https:\/\/vvfconsultores.com.br\/blog\/quebras-tecnicas-e-a-nao-incidencia-de-icms\/\",\"name\":\"Quebras T\\u00e9cnicas e a N\\u00e3o Incid\\u00eancia de ICMS - VVF Consultores Tribut\\u00e1rios | Blog\",\"isPartOf\":{\"@id\":\"https:\/\/vvfconsultores.com.br\/blog\/#website\"},\"primaryImageOfPage\":{\"@id\":\"https:\/\/vvfconsultores.com.br\/blog\/quebras-tecnicas-e-a-nao-incidencia-de-icms\/#primaryimage\"},\"datePublished\":\"2024-12-12T18:01:56+00:00\",\"dateModified\":\"2024-12-12T18:01:56+00:00\",\"author\":{\"@id\":\"https:\/\/vvfconsultores.com.br\/blog\/#\/schema\/person\/a5574723d239f6d42e7e7e468124bdc8\"},\"breadcrumb\":{\"@id\":\"https:\/\/vvfconsultores.com.br\/blog\/quebras-tecnicas-e-a-nao-incidencia-de-icms\/#breadcrumb\"},\"inLanguage\":\"pt-BR\",\"potentialAction\":[{\"@type\":\"ReadAction\",\"target\":[\"https:\/\/vvfconsultores.com.br\/blog\/quebras-tecnicas-e-a-nao-incidencia-de-icms\/\"]}]},{\"@type\":\"BreadcrumbList\",\"@id\":\"https:\/\/vvfconsultores.com.br\/blog\/quebras-tecnicas-e-a-nao-incidencia-de-icms\/#breadcrumb\",\"itemListElement\":[{\"@type\":\"ListItem\",\"position\":1,\"name\":\"In\\u00edcio\",\"item\":\"https:\/\/vvfconsultores.com.br\/blog\/\"},{\"@type\":\"ListItem\",\"position\":2,\"name\":\"Quebras T\\u00e9cnicas e a N\\u00e3o Incid\\u00eancia de ICMS\"}]},{\"@type\":\"Person\",\"@id\":\"https:\/\/vvfconsultores.com.br\/blog\/#\/schema\/person\/a5574723d239f6d42e7e7e468124bdc8\",\"name\":\"VVF Consultores\",\"image\":{\"@type\":\"ImageObject\",\"@id\":\"https:\/\/vvfconsultores.com.br\/blog\/#personlogo\",\"inLanguage\":\"pt-BR\",\"url\":\"https:\/\/vvfconsultores.com.br\/blog\/wp-content\/uploads\/2023\/08\/vvf-autor.jpg\",\"contentUrl\":\"https:\/\/vvfconsultores.com.br\/blog\/wp-content\/uploads\/2023\/08\/vvf-autor.jpg\",\"caption\":\"VVF Consultores\"},\"url\":\"https:\/\/vvfconsultores.com.br\/blog\/author\/vvfconsult\/\"}]}<\/script>\r\n<!-- \/ Yoast SEO plugin. -->","_links":{"self":[{"href":"https:\/\/vvfconsultores.com.br\/blog\/wp-json\/wp\/v2\/posts\/3097"}],"collection":[{"href":"https:\/\/vvfconsultores.com.br\/blog\/wp-json\/wp\/v2\/posts"}],"about":[{"href":"https:\/\/vvfconsultores.com.br\/blog\/wp-json\/wp\/v2\/types\/post"}],"author":[{"embeddable":true,"href":"https:\/\/vvfconsultores.com.br\/blog\/wp-json\/wp\/v2\/users\/2"}],"replies":[{"embeddable":true,"href":"https:\/\/vvfconsultores.com.br\/blog\/wp-json\/wp\/v2\/comments?post=3097"}],"version-history":[{"count":2,"href":"https:\/\/vvfconsultores.com.br\/blog\/wp-json\/wp\/v2\/posts\/3097\/revisions"}],"predecessor-version":[{"id":3100,"href":"https:\/\/vvfconsultores.com.br\/blog\/wp-json\/wp\/v2\/posts\/3097\/revisions\/3100"}],"wp:featuredmedia":[{"embeddable":true,"href":"https:\/\/vvfconsultores.com.br\/blog\/wp-json\/wp\/v2\/media\/3098"}],"wp:attachment":[{"href":"https:\/\/vvfconsultores.com.br\/blog\/wp-json\/wp\/v2\/media?parent=3097"}],"wp:term":[{"taxonomy":"category","embeddable":true,"href":"https:\/\/vvfconsultores.com.br\/blog\/wp-json\/wp\/v2\/categories?post=3097"},{"taxonomy":"post_tag","embeddable":true,"href":"https:\/\/vvfconsultores.com.br\/blog\/wp-json\/wp\/v2\/tags?post=3097"}],"curies":[{"name":"wp","href":"https:\/\/api.w.org\/{rel}","templated":true}]}}