{"id":3093,"date":"2024-11-27T10:50:36","date_gmt":"2024-11-27T12:50:36","guid":{"rendered":"https:\/\/vvfconsultores.com.br\/blog\/?p=3093"},"modified":"2024-11-27T10:50:36","modified_gmt":"2024-11-27T12:50:36","slug":"pillar-two-tributacao-das-multinacionais","status":"publish","type":"post","link":"https:\/\/vvfconsultores.com.br\/blog\/pillar-two-tributacao-das-multinacionais\/","title":{"rendered":"Pillar Two: Tributa\u00e7\u00e3o das Multinacionais"},"content":{"rendered":"<p><span data-contrast=\"auto\">Em 3 de outubro de 2024, foi publicada a Medida Provis\u00f3ria n\u00ba 1.262\/24, que instituiu o Adicional da Contribui\u00e7\u00e3o Social Sobre o Lucro L\u00edquido (CSLL). A finalidade do adicional \u00e9 estabelecer uma tributa\u00e7\u00e3o m\u00ednima efetiva de 15% (quinze por cento) sobre as entidades integrantes de grupo multinacional que, em pelo menos dois dos quatro anos fiscais imediatamente anteriores ao ano corrente, tenham registrado receitas anuais de 750 milh\u00f5es de euros nas demonstra\u00e7\u00f5es financeiras consolidadas da investidora final.<\/span><span data-ccp-props=\"{&quot;134233117&quot;:false,&quot;134233118&quot;:false,&quot;335559738&quot;:240,&quot;335559739&quot;:240}\">\u00a0<\/span><\/p>\n<p><span data-contrast=\"auto\">O Adicional da CSLL ser\u00e1 devido pelas entidades do grupo multinacional situadas no Brasil, com prazo para recolhimento at\u00e9 o s\u00e9timo m\u00eas subsequente ao t\u00e9rmino do ano fiscal, e incidir\u00e1 sobre os lucros excedentes.<\/span><span data-ccp-props=\"{&quot;134233117&quot;:false,&quot;134233118&quot;:false,&quot;335559738&quot;:240,&quot;335559739&quot;:240}\">\u00a0<\/span><\/p>\n<p><span data-contrast=\"auto\">No mesmo dia da publica\u00e7\u00e3o da MP n\u00ba 1.262\/24, tamb\u00e9m foi publicada a IN RFB n\u00ba 2.228\/24, que regulamenta a metodologia de c\u00e1lculo das bases de c\u00e1lculo, al\u00edquotas e ajustes do Adicional da CSLL; hip\u00f3teses de exce\u00e7\u00e3o e regras simplificadoras (safe harbors); assim como crit\u00e9rios de convers\u00e3o de moedas, defini\u00e7\u00e3o de termos, entre outros temas.<\/span><span data-ccp-props=\"{&quot;134233117&quot;:false,&quot;134233118&quot;:false,&quot;335559738&quot;:240,&quot;335559739&quot;:240}\">\u00a0<\/span><\/p>\n<p aria-level=\"3\"><b><span data-contrast=\"none\">Regras GloBE e Pillar Two<\/span><\/b><span data-ccp-props=\"{&quot;134233117&quot;:false,&quot;134233118&quot;:false,&quot;134245418&quot;:true,&quot;134245529&quot;:true,&quot;335559738&quot;:281,&quot;335559739&quot;:281}\">\u00a0<\/span><\/p>\n<p><span data-contrast=\"auto\">A cria\u00e7\u00e3o do adicional \u00e9 um movimento do Brasil rumo ao alinhamento com o Pillar Two das Regras Globais Contra a Eros\u00e3o da Base Tribut\u00e1ria (Regras GloBE), elaboradas pelo Quadro Inclusivo (Inclusive Framework on Base Erosion and Profit Shifting), coordenado pela Organiza\u00e7\u00e3o para a Coopera\u00e7\u00e3o e Desenvolvimento Econ\u00f4mico (OCDE) e pelo Grupo dos 20 (G20).<\/span><span data-ccp-props=\"{&quot;134233117&quot;:false,&quot;134233118&quot;:false,&quot;335559738&quot;:240,&quot;335559739&quot;:240}\">\u00a0<\/span><\/p>\n<p><span data-contrast=\"auto\">O Pillar Two consiste na cria\u00e7\u00e3o de um Tributo Complementar M\u00ednimo Dom\u00e9stico Qualificado (Qualified Domestic Minimum Top-up Tax \u2013 QDMTT) por cada jurisdi\u00e7\u00e3o, a fim de assegurar uma tributa\u00e7\u00e3o m\u00ednima efetiva de 15% sobre a renda.<\/span><span data-ccp-props=\"{&quot;134233117&quot;:false,&quot;134233118&quot;:false,&quot;335559738&quot;:240,&quot;335559739&quot;:240}\">\u00a0<\/span><\/p>\n<p><span data-contrast=\"auto\">Isso ocorre porque grupos multinacionais, visando obter vantagens tribut\u00e1rias, tendem a deslocar seus lucros para jurisdi\u00e7\u00f5es de baixa tributa\u00e7\u00e3o, o que resulta na eros\u00e3o da base tribut\u00e1ria das jurisdi\u00e7\u00f5es de tributa\u00e7\u00e3o mais elevada, al\u00e9m de prejudicar o mercado internacional. Dessa forma, o tributo m\u00ednimo visa coibir o deslocamento dos lucros que contraria a l\u00f3gica de mercado, buscando obter vantagem na tributa\u00e7\u00e3o da renda.<\/span><span data-ccp-props=\"{&quot;134233117&quot;:false,&quot;134233118&quot;:false,&quot;335559738&quot;:240,&quot;335559739&quot;:240}\">\u00a0<\/span><\/p>\n<p><span data-contrast=\"auto\">Assim, a MP estipula que a Receita Federal do Brasil (RFB) deve atualizar periodicamente a regulamenta\u00e7\u00e3o, de modo que esta reflita as atualiza\u00e7\u00f5es dos documentos de refer\u00eancia do Quadro Inclusivo da OCDE e mantenha o Adicional da CSLL com as caracter\u00edsticas necess\u00e1rias para ser classificado como um Tributo Complementar M\u00ednimo Dom\u00e9stico Qualificado.<\/span><span data-ccp-props=\"{&quot;134233117&quot;:false,&quot;134233118&quot;:false,&quot;335559738&quot;:240,&quot;335559739&quot;:240}\">\u00a0<\/span><\/p>\n<p aria-level=\"3\"><b><span data-contrast=\"none\">C\u00e1lculo por Jurisdi\u00e7\u00e3o e Atribui\u00e7\u00e3o \u00e0s Entidades Constituintes<\/span><\/b><span data-ccp-props=\"{&quot;134233117&quot;:false,&quot;134233118&quot;:false,&quot;134245418&quot;:true,&quot;134245529&quot;:true,&quot;335559738&quot;:281,&quot;335559739&quot;:281}\">\u00a0<\/span><\/p>\n<p><span data-contrast=\"auto\">O c\u00e1lculo do Adicional da CSLL ser\u00e1 realizado por jurisdi\u00e7\u00e3o. Ou seja, ser\u00e1 feito um \u00fanico c\u00e1lculo considerando todas as entidades do grupo multinacional situadas no Brasil.<\/span><span data-ccp-props=\"{&quot;134233117&quot;:false,&quot;134233118&quot;:false,&quot;335559738&quot;:240,&quot;335559739&quot;:240}\">\u00a0<\/span><\/p>\n<p><span data-contrast=\"auto\">Ap\u00f3s a apura\u00e7\u00e3o do Adicional da CSLL, seu valor ser\u00e1 atribu\u00eddo \u00e0s entidades do grupo multinacional que tenham apurado lucros excedentes no ano fiscal, com base no Lucro L\u00edquido GloBE de cada uma, multiplicado pela sua Al\u00edquota Efetiva individualmente calculada, ou, na impossibilidade, proporcional ao Patrim\u00f4nio L\u00edquido (PL) de cada entidade.<\/span><span data-ccp-props=\"{&quot;134233117&quot;:false,&quot;134233118&quot;:false,&quot;335559738&quot;:240,&quot;335559739&quot;:240}\">\u00a0<\/span><\/p>\n<p><span data-contrast=\"auto\">Nesse aspecto, \u00e9 poss\u00edvel prever dificuldades significativas na operacionaliza\u00e7\u00e3o dos c\u00e1lculos e no pagamento do Adicional.<\/span><span data-ccp-props=\"{&quot;134233117&quot;:false,&quot;134233118&quot;:false,&quot;335559738&quot;:240,&quot;335559739&quot;:240}\">\u00a0<\/span><\/p>\n<p><span data-contrast=\"auto\">Isso porque, ainda que componham um mesmo grupo multinacional, as entidades situadas no Brasil nem sempre t\u00eam gest\u00e3o conjunta e compartilhamento de informa\u00e7\u00f5es confidenciais. De fato, por quest\u00f5es de boa governan\u00e7a, essas empresas muitas vezes n\u00e3o det\u00eam nenhuma informa\u00e7\u00e3o sobre as outras al\u00e9m daquelas que qualquer outro integrante do mercado teria.<\/span><span data-ccp-props=\"{&quot;134233117&quot;:false,&quot;134233118&quot;:false,&quot;335559738&quot;:240,&quot;335559739&quot;:240}\">\u00a0<\/span><\/p>\n<p><span data-contrast=\"auto\">No entanto, dado o c\u00e1lculo conjunto do Adicional da CSLL, uma entidade s\u00f3 pode cumprir sua obriga\u00e7\u00e3o (principal e acess\u00f3ria) se todas as empresas do grupo fornecerem as informa\u00e7\u00f5es necess\u00e1rias e cumprirem conjuntamente as obriga\u00e7\u00f5es.<\/span><span data-ccp-props=\"{&quot;134233117&quot;:false,&quot;134233118&quot;:false,&quot;335559738&quot;:240,&quot;335559739&quot;:240}\">\u00a0<\/span><\/p>\n<p aria-level=\"3\"><b><span data-contrast=\"none\">Penalidades<\/span><\/b><span data-ccp-props=\"{&quot;134233117&quot;:false,&quot;134233118&quot;:false,&quot;134245418&quot;:true,&quot;134245529&quot;:true,&quot;335559738&quot;:281,&quot;335559739&quot;:281}\">\u00a0<\/span><\/p>\n<p><span data-contrast=\"auto\">As entidades que n\u00e3o prestarem as informa\u00e7\u00f5es exigidas para a apura\u00e7\u00e3o do Adicional da CSLL estar\u00e3o sujeitas a multa de at\u00e9 0,2% ao m\u00eas ou fra\u00e7\u00e3o de atraso, calculada sobre a receita total das entidades do grupo situadas no Brasil, limitada a 10% ou R$ 10 milh\u00f5es; al\u00e9m de multa de 5%, n\u00e3o inferior a R$ 20 mil, sobre o valor omitido, inexato ou incorreto.<\/span><span data-ccp-props=\"{&quot;134233117&quot;:false,&quot;134233118&quot;:false,&quot;335559738&quot;:240,&quot;335559739&quot;:240}\">\u00a0<\/span><\/p>\n<p aria-level=\"3\"><b><span data-contrast=\"none\">Tend\u00eancia a Discuss\u00f5es Judiciais<\/span><\/b><span data-ccp-props=\"{&quot;134233117&quot;:false,&quot;134233118&quot;:false,&quot;134245418&quot;:true,&quot;134245529&quot;:true,&quot;335559738&quot;:281,&quot;335559739&quot;:281}\">\u00a0<\/span><\/p>\n<p><span data-contrast=\"auto\">H\u00e1 uma tend\u00eancia de que o Adicional da CSLL desencadeie discuss\u00f5es judiciais e administrativas, especialmente no que se refere \u00e0 revoga\u00e7\u00e3o t\u00e1cita de benef\u00edcios fiscais e \u00e0 isonomia tribut\u00e1ria. Afinal, contribuintes que usufruem de um mesmo benef\u00edcio que reduz o IRPJ, sendo um integrante de grupo multinacional e outro n\u00e3o, ter\u00e3o uma redu\u00e7\u00e3o de sua carga tribut\u00e1ria. No entanto, o integrante de grupo multinacional poder\u00e1 ter seu benef\u00edcio &#8220;revertido&#8221; pelo Adicional da CSLL.<\/span><span data-ccp-props=\"{&quot;134233117&quot;:false,&quot;134233118&quot;:false,&quot;335559738&quot;:240,&quot;335559739&quot;:240}\">\u00a0<\/span><\/p>\n<p><span data-contrast=\"auto\">Outro aspecto que provavelmente ser\u00e1 alvo de questionamento judicial est\u00e1 relacionado \u00e0 constitucionalidade do Adicional da CSLL.<\/span><span data-ccp-props=\"{&quot;134233117&quot;:false,&quot;134233118&quot;:false,&quot;335559738&quot;:240,&quot;335559739&quot;:240}\">\u00a0<\/span><\/p>\n<p><span data-contrast=\"auto\">Isso porque ele foi institu\u00eddo por norma infraconstitucional, mas suas especificidades quanto ao fato gerador, \u00e0 al\u00edquota e \u00e0 base de c\u00e1lculo delineiam o que pode ser entendido como um novo tributo. Isso se torna ainda mais evidente pelo fato de a pr\u00f3pria MP estabelecer que o Adicional da CSLL \u00e9 um Qualified Domestic Minimum Top-up Tax, algo que a pr\u00f3pria CSLL n\u00e3o \u00e9.<\/span><span data-ccp-props=\"{&quot;134233117&quot;:false,&quot;134233118&quot;:false,&quot;335559738&quot;:240,&quot;335559739&quot;:240}\">\u00a0<\/span><\/p>\n<p><span data-contrast=\"auto\">Dessa forma, tratando-se de um novo tributo, seria necess\u00e1ria uma Emenda Constitucional que previsse a compet\u00eancia da Uni\u00e3o para institu\u00ed-lo e administr\u00e1-lo.<\/span><span data-ccp-props=\"{&quot;134233117&quot;:false,&quot;134233118&quot;:false,&quot;335559738&quot;:240,&quot;335559739&quot;:240}\">\u00a0<\/span><\/p>\n<p><span data-contrast=\"auto\">A MP, na tentativa de evitar discuss\u00f5es sobre o Adicional da CSLL, disp\u00f5e que &#8220;o tributo ser\u00e1 considerado n\u00e3o recolhido caso seja, direta ou indiretamente, objeto de lit\u00edgio judicial ou administrativo, e n\u00e3o poder\u00e1 ser utilizado como cr\u00e9dito na aplica\u00e7\u00e3o das Regras GloBE pelo Grupo de Empresas Multinacional em nenhuma circunst\u00e2ncia, ano fiscal ou jurisdi\u00e7\u00e3o&#8221;.<\/span><span data-ccp-props=\"{&quot;134233117&quot;:false,&quot;134233118&quot;:false,&quot;335559738&quot;:240,&quot;335559739&quot;:240}\">\u00a0<\/span><\/p>\n<p><span data-contrast=\"auto\">Essa disposi\u00e7\u00e3o final \u00e9, no m\u00ednimo, interessante, pois imp\u00f5e regras a entidades n\u00e3o situadas no Brasil, sobre as quais o legislador brasileiro n\u00e3o tem compet\u00eancia para determinar como ser\u00e3o aplicadas as Regras GloBE. Afinal, as entidades situadas em outras jurisdi\u00e7\u00f5es aplicar\u00e3o as Regras GloBE conforme internalizadas por aquela administra\u00e7\u00e3o tribut\u00e1ria.<\/span><span data-ccp-props=\"{&quot;134233117&quot;:false,&quot;134233118&quot;:false,&quot;335559738&quot;:240,&quot;335559739&quot;:240}\">\u00a0<\/span><\/p>\n<p aria-level=\"3\"><b><span data-contrast=\"none\">Como Calcular o Adicional da CSLL?<\/span><\/b><span data-ccp-props=\"{&quot;134233117&quot;:false,&quot;134233118&quot;:false,&quot;134245418&quot;:true,&quot;134245529&quot;:true,&quot;335559738&quot;:281,&quot;335559739&quot;:281}\">\u00a0<\/span><\/p>\n<p><span data-contrast=\"auto\">Os conceitos aplic\u00e1veis ao c\u00e1lculo do Adicional da CSLL s\u00e3o novos no ordenamento brasileiro e, por isso, causaram certa estranheza at\u00e9 mesmo ao contribuinte mais habituado aos c\u00e1lculos do IRPJ e da CSLL no Brasil.<\/span><span data-ccp-props=\"{&quot;134233117&quot;:false,&quot;134233118&quot;:false,&quot;335559738&quot;:240,&quot;335559739&quot;:240}\">\u00a0<\/span><\/p>\n<p><span data-contrast=\"auto\">Para ilustrar o c\u00e1lculo do Adicional da CSLL, anexamos a este texto uma simula\u00e7\u00e3o da aplica\u00e7\u00e3o da metodologia descrita na MP n\u00ba 1.262\/24 e na IN RFB n\u00ba 2.228\/24.<\/span><span data-ccp-props=\"{&quot;134233117&quot;:false,&quot;134233118&quot;:false,&quot;335559738&quot;:240,&quot;335559739&quot;:240}\">\u00a0<\/span><\/p>\n<p aria-level=\"3\"><b><span data-contrast=\"none\">O Que Esperar?<\/span><\/b><span data-ccp-props=\"{&quot;134233117&quot;:false,&quot;134233118&quot;:false,&quot;134245418&quot;:true,&quot;134245529&quot;:true,&quot;335559738&quot;:281,&quot;335559739&quot;:281}\">\u00a0<\/span><\/p>\n<p><span data-contrast=\"auto\">Os textos da MP n\u00ba 1.262\/24 e da IN RFB n\u00ba 2.228\/24, traduzidos em muitos dispositivos de forma literal dos documentos aprovados pelo Quadro Inclusivo, soam como editados \u00e0s pressas. N\u00e3o por coincid\u00eancia, foram publicados em 03\/10\/24 para cumprir a anterioridade nonagesimal, permitindo que o adicional esteja vigente a partir de 1\u00ba de janeiro de 2025.<\/span><span data-ccp-props=\"{&quot;134233117&quot;:false,&quot;134233118&quot;:false,&quot;335559738&quot;:240,&quot;335559739&quot;:240}\">\u00a0<\/span><\/p>\n<p><span data-contrast=\"auto\">Simultaneamente \u00e0 publica\u00e7\u00e3o da IN RFB n\u00ba 2.228\/24, foi aberta uma Consulta P\u00fablica, evidenciando que a pr\u00f3pria RFB reconhece que a regulamenta\u00e7\u00e3o \u00e9, no m\u00ednimo, obscura e possui lacunas. No per\u00edodo de 04\/10 a 10\/11, qualquer interessado pode se manifestar sobre qualquer dispositivo da IN, bem como sobre temas n\u00e3o tratados e a necessidade de exemplos e esclarecimentos.<\/span><span data-ccp-props=\"{&quot;134233117&quot;:false,&quot;134233118&quot;:false,&quot;335559738&quot;:240,&quot;335559739&quot;:240}\">\u00a0<\/span><\/p>\n<p><span data-contrast=\"auto\">Durante o processo de convers\u00e3o da MP n\u00ba 1.262\/24 em lei, muitas altera\u00e7\u00f5es ainda podem ocorrer, assim como se aguarda uma (necess\u00e1ria) altera\u00e7\u00e3o da IN RFB n\u00ba 2.228\/24 ap\u00f3s a consulta p\u00fablica.<\/span><span data-ccp-props=\"{&quot;134233117&quot;:false,&quot;134233118&quot;:false,&quot;335559738&quot;:240,&quot;335559739&quot;:240}\">\u00a0<\/span><\/p>\n<p><span data-contrast=\"auto\">Sem grande surpresa, os contribuintes se encontram em um cen\u00e1rio de inseguran\u00e7a jur\u00eddica, pois, embora os textos estejam vigentes e o tributo seja exig\u00edvel para os fatos geradores a partir de 1\u00ba de janeiro de 2025, ainda h\u00e1 muitas incertezas, pela norma e sua regulamenta\u00e7\u00e3o, quanto \u00e0 forma correta de calcular o Adicional da CSLL.<\/span><span data-ccp-props=\"{&quot;134233117&quot;:false,&quot;134233118&quot;:false,&quot;335559738&quot;:240,&quot;335559739&quot;:240}\">\u00a0<\/span><\/p>\n","protected":false},"excerpt":{"rendered":"<p>Em 3 de outubro de 2024, foi publicada a Medida Provis\u00f3ria n\u00ba 1.262\/24, que instituiu o Adicional da Contribui\u00e7\u00e3o Social Sobre o Lucro L\u00edquido (CSLL). A finalidade do adicional \u00e9 estabelecer uma tributa\u00e7\u00e3o m\u00ednima efetiva de 15% (quinze por cento) sobre as entidades integrantes de grupo multinacional que, em pelo menos dois dos quatro anos [&hellip;]<\/p>\n","protected":false},"author":2,"featured_media":3094,"comment_status":"open","ping_status":"open","sticky":false,"template":"","format":"standard","meta":{"footnotes":""},"categories":[5],"tags":[],"yoast_head":"<!-- This site is optimized with the Yoast SEO plugin v16.6.1 - https:\/\/yoast.com\/wordpress\/plugins\/seo\/ -->\r\n<title>Pillar Two: Tributa\u00e7\u00e3o das Multinacionais - VVF Consultores Tribut\u00e1rios | Blog<\/title>\r\n<meta name=\"robots\" content=\"index, follow, max-snippet:-1, max-image-preview:large, max-video-preview:-1\" \/>\r\n<link rel=\"canonical\" href=\"https:\/\/vvfconsultores.com.br\/blog\/pillar-two-tributacao-das-multinacionais\/\" \/>\r\n<meta property=\"og:locale\" content=\"pt_BR\" \/>\r\n<meta property=\"og:type\" content=\"article\" \/>\r\n<meta property=\"og:title\" content=\"Pillar Two: Tributa\u00e7\u00e3o das Multinacionais - VVF Consultores Tribut\u00e1rios | Blog\" \/>\r\n<meta property=\"og:description\" content=\"Em 3 de outubro de 2024, foi publicada a Medida Provis\u00f3ria n\u00ba 1.262\/24, que instituiu o Adicional da Contribui\u00e7\u00e3o Social Sobre o Lucro L\u00edquido (CSLL). A finalidade do adicional \u00e9 estabelecer uma tributa\u00e7\u00e3o m\u00ednima efetiva de 15% (quinze por cento) sobre as entidades integrantes de grupo multinacional que, em pelo menos dois dos quatro anos [&hellip;]\" \/>\r\n<meta property=\"og:url\" content=\"https:\/\/vvfconsultores.com.br\/blog\/pillar-two-tributacao-das-multinacionais\/\" \/>\r\n<meta property=\"og:site_name\" content=\"VVF Consultores Tribut\u00e1rios | Blog\" \/>\r\n<meta property=\"article:published_time\" content=\"2024-11-27T12:50:36+00:00\" \/>\r\n<meta property=\"og:image\" content=\"https:\/\/vvfconsultores.com.br\/blog\/wp-content\/uploads\/2024\/11\/03-Adicional-CSLL-2.jpg\" \/>\r\n\t<meta property=\"og:image:width\" content=\"845\" \/>\r\n\t<meta property=\"og:image:height\" content=\"605\" \/>\r\n<meta name=\"twitter:card\" content=\"summary_large_image\" \/>\r\n<meta name=\"twitter:label1\" content=\"Est. tempo de leitura\" \/>\n\t<meta name=\"twitter:data1\" content=\"7 minutos\" \/>\r\n<script type=\"application\/ld+json\" class=\"yoast-schema-graph\">{\"@context\":\"https:\/\/schema.org\",\"@graph\":[{\"@type\":\"WebSite\",\"@id\":\"https:\/\/vvfconsultores.com.br\/blog\/#website\",\"url\":\"https:\/\/vvfconsultores.com.br\/blog\/\",\"name\":\"VVF Consultores Tribut\\u00e1rios | Blog\",\"description\":\"VVF Consultores Tribut\\u00e1rios | Blog\",\"potentialAction\":[{\"@type\":\"SearchAction\",\"target\":{\"@type\":\"EntryPoint\",\"urlTemplate\":\"https:\/\/vvfconsultores.com.br\/blog\/?s={search_term_string}\"},\"query-input\":\"required name=search_term_string\"}],\"inLanguage\":\"pt-BR\"},{\"@type\":\"ImageObject\",\"@id\":\"https:\/\/vvfconsultores.com.br\/blog\/pillar-two-tributacao-das-multinacionais\/#primaryimage\",\"inLanguage\":\"pt-BR\",\"url\":\"https:\/\/vvfconsultores.com.br\/blog\/wp-content\/uploads\/2024\/11\/03-Adicional-CSLL-2.jpg\",\"contentUrl\":\"https:\/\/vvfconsultores.com.br\/blog\/wp-content\/uploads\/2024\/11\/03-Adicional-CSLL-2.jpg\",\"width\":845,\"height\":605},{\"@type\":\"WebPage\",\"@id\":\"https:\/\/vvfconsultores.com.br\/blog\/pillar-two-tributacao-das-multinacionais\/#webpage\",\"url\":\"https:\/\/vvfconsultores.com.br\/blog\/pillar-two-tributacao-das-multinacionais\/\",\"name\":\"Pillar Two: Tributa\\u00e7\\u00e3o das Multinacionais - VVF Consultores Tribut\\u00e1rios | Blog\",\"isPartOf\":{\"@id\":\"https:\/\/vvfconsultores.com.br\/blog\/#website\"},\"primaryImageOfPage\":{\"@id\":\"https:\/\/vvfconsultores.com.br\/blog\/pillar-two-tributacao-das-multinacionais\/#primaryimage\"},\"datePublished\":\"2024-11-27T12:50:36+00:00\",\"dateModified\":\"2024-11-27T12:50:36+00:00\",\"author\":{\"@id\":\"https:\/\/vvfconsultores.com.br\/blog\/#\/schema\/person\/a5574723d239f6d42e7e7e468124bdc8\"},\"breadcrumb\":{\"@id\":\"https:\/\/vvfconsultores.com.br\/blog\/pillar-two-tributacao-das-multinacionais\/#breadcrumb\"},\"inLanguage\":\"pt-BR\",\"potentialAction\":[{\"@type\":\"ReadAction\",\"target\":[\"https:\/\/vvfconsultores.com.br\/blog\/pillar-two-tributacao-das-multinacionais\/\"]}]},{\"@type\":\"BreadcrumbList\",\"@id\":\"https:\/\/vvfconsultores.com.br\/blog\/pillar-two-tributacao-das-multinacionais\/#breadcrumb\",\"itemListElement\":[{\"@type\":\"ListItem\",\"position\":1,\"name\":\"In\\u00edcio\",\"item\":\"https:\/\/vvfconsultores.com.br\/blog\/\"},{\"@type\":\"ListItem\",\"position\":2,\"name\":\"Pillar Two: Tributa\\u00e7\\u00e3o das Multinacionais\"}]},{\"@type\":\"Person\",\"@id\":\"https:\/\/vvfconsultores.com.br\/blog\/#\/schema\/person\/a5574723d239f6d42e7e7e468124bdc8\",\"name\":\"VVF Consultores\",\"image\":{\"@type\":\"ImageObject\",\"@id\":\"https:\/\/vvfconsultores.com.br\/blog\/#personlogo\",\"inLanguage\":\"pt-BR\",\"url\":\"https:\/\/vvfconsultores.com.br\/blog\/wp-content\/uploads\/2023\/08\/vvf-autor.jpg\",\"contentUrl\":\"https:\/\/vvfconsultores.com.br\/blog\/wp-content\/uploads\/2023\/08\/vvf-autor.jpg\",\"caption\":\"VVF Consultores\"},\"url\":\"https:\/\/vvfconsultores.com.br\/blog\/author\/vvfconsult\/\"}]}<\/script>\r\n<!-- \/ Yoast SEO plugin. -->","_links":{"self":[{"href":"https:\/\/vvfconsultores.com.br\/blog\/wp-json\/wp\/v2\/posts\/3093"}],"collection":[{"href":"https:\/\/vvfconsultores.com.br\/blog\/wp-json\/wp\/v2\/posts"}],"about":[{"href":"https:\/\/vvfconsultores.com.br\/blog\/wp-json\/wp\/v2\/types\/post"}],"author":[{"embeddable":true,"href":"https:\/\/vvfconsultores.com.br\/blog\/wp-json\/wp\/v2\/users\/2"}],"replies":[{"embeddable":true,"href":"https:\/\/vvfconsultores.com.br\/blog\/wp-json\/wp\/v2\/comments?post=3093"}],"version-history":[{"count":1,"href":"https:\/\/vvfconsultores.com.br\/blog\/wp-json\/wp\/v2\/posts\/3093\/revisions"}],"predecessor-version":[{"id":3095,"href":"https:\/\/vvfconsultores.com.br\/blog\/wp-json\/wp\/v2\/posts\/3093\/revisions\/3095"}],"wp:featuredmedia":[{"embeddable":true,"href":"https:\/\/vvfconsultores.com.br\/blog\/wp-json\/wp\/v2\/media\/3094"}],"wp:attachment":[{"href":"https:\/\/vvfconsultores.com.br\/blog\/wp-json\/wp\/v2\/media?parent=3093"}],"wp:term":[{"taxonomy":"category","embeddable":true,"href":"https:\/\/vvfconsultores.com.br\/blog\/wp-json\/wp\/v2\/categories?post=3093"},{"taxonomy":"post_tag","embeddable":true,"href":"https:\/\/vvfconsultores.com.br\/blog\/wp-json\/wp\/v2\/tags?post=3093"}],"curies":[{"name":"wp","href":"https:\/\/api.w.org\/{rel}","templated":true}]}}