{"id":2753,"date":"2023-07-14T17:01:55","date_gmt":"2023-07-14T20:01:55","guid":{"rendered":"https:\/\/vvfconsultores.com.br\/blog\/?p=2753"},"modified":"2023-07-14T17:01:55","modified_gmt":"2023-07-14T20:01:55","slug":"voto-de-desempate-e-aprovado-na-camara","status":"publish","type":"post","link":"https:\/\/vvfconsultores.com.br\/blog\/voto-de-desempate-e-aprovado-na-camara\/","title":{"rendered":"VOTO DE DESEMPATE \u00c9 APROVADO NA C\u00c2MARA"},"content":{"rendered":"<p><span data-contrast=\"auto\">O governo federal teve uma dura derrota com a que a queda da <a href=\"http:\/\/www.planalto.gov.br\/ccivil_03\/_Ato2023-2026\/2023\/Mpv\/mpv1160.htm\">MP n\u00ba 1160\/2023<\/a>, que restabelecia o voto de qualidade em favor da Uni\u00e3o Federal nos julgamentos do Conselho Administrativo de Recursos Fiscais (CARF). nos casos de empate. Contudo, ap\u00f3s um grande acordo junto do Congresso, da sociedade e da OAB foi proposto o Projeto de Lei n\u00ba 2.384\/2023, rec\u00e9m aprovado na C\u00e2mara dos Deputados<\/span><span data-ccp-props=\"{&quot;134233117&quot;:false,&quot;134233118&quot;:false,&quot;201341983&quot;:0,&quot;335551550&quot;:6,&quot;335551620&quot;:6,&quot;335559738&quot;:0,&quot;335559739&quot;:120,&quot;335559740&quot;:240}\">\u00a0<\/span><\/p>\n<p><span data-contrast=\"auto\">Em linhas gerais, no dia 7 de julho de 2023 a C\u00e2mara dos Deputados votou e aprovou o Projeto de Lei n\u00ba 2.384\/2023, que define o cen\u00e1rio jur\u00eddico-tribut\u00e1rio em caso empate de vota\u00e7\u00e3o nos julgamentos realizados no <a href=\"https:\/\/vvfconsultores.com.br\/blog\/a-volta-do-voto-de-qualidade-e-o-que-se-fazer-para-evitar-prejuizos-no-carf\/\">CARF<\/a>.<\/span><span data-ccp-props=\"{&quot;134233117&quot;:false,&quot;134233118&quot;:false,&quot;201341983&quot;:0,&quot;335551550&quot;:6,&quot;335551620&quot;:6,&quot;335559738&quot;:0,&quot;335559739&quot;:120,&quot;335559740&quot;:240}\">\u00a0<\/span><\/p>\n<p><span data-contrast=\"auto\">Pelo projeto, ficou definido que em caso de empate de vota\u00e7\u00e3o haver\u00e1 um voto duplo pelo Presidente da Turma, cargo ocupado por conselheiro representante da Fazenda Nacional. Este voto confere ao representante da Fazenda Nacional o poder de desempate, o que bem sabemos ser em favor do Fisco.\u00a0<\/span><span data-ccp-props=\"{&quot;201341983&quot;:0,&quot;335551550&quot;:6,&quot;335551620&quot;:6,&quot;335559739&quot;:120,&quot;335559740&quot;:240}\">\u00a0<\/span><\/p>\n<p><span data-contrast=\"auto\">Em raz\u00e3o disso, algumas benesses foram aprovadas para os contribuintes. Nos casos de empate, o d\u00e9bito poder\u00e1 ser liquidado sem o pagamento de multa e n\u00e3o haver\u00e1 representa\u00e7\u00e3o para fins penais, restando-se apenas a d\u00edvida principal e os juros.\u00a0<\/span><span data-ccp-props=\"{&quot;201341983&quot;:0,&quot;335551550&quot;:6,&quot;335551620&quot;:6,&quot;335559739&quot;:120,&quot;335559740&quot;:240}\">\u00a0<\/span><\/p>\n<p><span data-contrast=\"auto\">Em outro giro, caso o contribuinte decida liquidar o cr\u00e9dito no prazo de 90 (noventa) dias, tamb\u00e9m fica exonerada a incid\u00eancia dos juros.<\/span><span data-ccp-props=\"{&quot;201341983&quot;:0,&quot;335551550&quot;:6,&quot;335551620&quot;:6,&quot;335559739&quot;:120,&quot;335559740&quot;:240}\">\u00a0<\/span><\/p>\n<p><span data-contrast=\"auto\">Al\u00e9m de poder liquidar apenas o principal do cr\u00e9dito tribut\u00e1rio, o pagamento poder\u00e1 ser feito em at\u00e9 12 parcelas mensais e sucessivas, com a utiliza\u00e7\u00e3o de preju\u00edzo fiscal, base de c\u00e1lculo negativa e ainda precat\u00f3rios.\u00a0<\/span><span data-ccp-props=\"{&quot;201341983&quot;:0,&quot;335551550&quot;:6,&quot;335551620&quot;:6,&quot;335559739&quot;:120,&quot;335559740&quot;:240}\">\u00a0<\/span><\/p>\n<p><span data-contrast=\"auto\">Caso o contribuinte n\u00e3o liquide o d\u00e9bito, este ser\u00e1 direcionado para a Procuradoria-Geral da Fazenda Nacional para a cobran\u00e7as, mas sem a incid\u00eancia do encargo de 20% previsto no Decreto-lei n\u00b0 1.025\/1969 relativo aos honor\u00e1rios da fazenda. Inclusive, caso o d\u00e9bito siga para a judici\u00e1rio, o contribuinte poder\u00e1 discuti-lo sem que tenha de apresentar garantia em favor da fazenda nacional.<\/span><span data-ccp-props=\"{&quot;201341983&quot;:0,&quot;335551550&quot;:6,&quot;335551620&quot;:6,&quot;335559739&quot;:120,&quot;335559740&quot;:240}\">\u00a0<\/span><\/p>\n<p><span data-contrast=\"auto\">Por fim, insta registrar que no prazo de 90 dias para liquida\u00e7\u00e3o, o d\u00e9bito n\u00e3o ser\u00e1 empecilho para a emiss\u00e3o de CND.<\/span><span data-ccp-props=\"{&quot;201341983&quot;:0,&quot;335551550&quot;:6,&quot;335551620&quot;:6,&quot;335559739&quot;:120,&quot;335559740&quot;:240}\">\u00a0<\/span><\/p>\n<p><span data-contrast=\"auto\">Portanto, nota-se um cen\u00e1rio intermedi\u00e1rio para ambas as partes, j\u00e1 que tanto o contribuinte quanto o Fisco n\u00e3o tiveram os seus desejos contemplados em suas totalidades: apesar de haver o retorno do voto da qualidade em favor do Fisco, o contribuinte possui benef\u00edcios para regulariza\u00e7\u00e3o do d\u00e9bito que desagradam o governo federal.<\/span><span data-ccp-props=\"{&quot;201341983&quot;:0,&quot;335551550&quot;:6,&quot;335551620&quot;:6,&quot;335559739&quot;:120,&quot;335559740&quot;:240}\">\u00a0<\/span><\/p>\n<p><span data-contrast=\"auto\">O texto aprovado pela C\u00e2mara dos Deputados segue para o Senado, que ainda poder\u00e1 propor ajustes.<\/span><span data-ccp-props=\"{&quot;134233117&quot;:false,&quot;134233118&quot;:false,&quot;201341983&quot;:0,&quot;335551550&quot;:6,&quot;335551620&quot;:6,&quot;335559738&quot;:0,&quot;335559739&quot;:120,&quot;335559740&quot;:240}\">\u00a0<\/span><\/p>\n<p><span data-contrast=\"auto\">Em caso de d\u00favidas em rela\u00e7\u00e3o ao tema, conte com a VVF!<\/span><span data-ccp-props=\"{&quot;134233117&quot;:false,&quot;134233118&quot;:false,&quot;201341983&quot;:0,&quot;335551550&quot;:6,&quot;335551620&quot;:6,&quot;335559738&quot;:0,&quot;335559739&quot;:120,&quot;335559740&quot;:240}\">\u00a0<\/span><\/p>\n","protected":false},"excerpt":{"rendered":"<p>O governo federal teve uma dura derrota com a que a queda da MP n\u00ba 1160\/2023, que restabelecia o voto de qualidade em favor da Uni\u00e3o Federal nos julgamentos do Conselho Administrativo de Recursos Fiscais (CARF). nos casos de empate. Contudo, ap\u00f3s um grande acordo junto do Congresso, da sociedade e da OAB foi proposto [&hellip;]<\/p>\n","protected":false},"author":2,"featured_media":2754,"comment_status":"open","ping_status":"open","sticky":false,"template":"","format":"standard","meta":{"footnotes":""},"categories":[4],"tags":[313,312,186,309,310,237],"yoast_head":"<!-- This site is optimized with the Yoast SEO plugin v16.6.1 - https:\/\/yoast.com\/wordpress\/plugins\/seo\/ -->\r\n<title>VOTO DE DESEMPATE \u00c9 APROVADO NA C\u00c2MARA - VVF Consultores Tribut\u00e1rios | Blog<\/title>\r\n<meta name=\"description\" content=\"O governo federal teve uma derrota com a que a queda da MP n\u00ba 1160\/2023, que restabelecia o voto nos julgamentos do CARF.\" \/>\r\n<meta name=\"robots\" content=\"index, follow, max-snippet:-1, max-image-preview:large, max-video-preview:-1\" \/>\r\n<link rel=\"canonical\" href=\"https:\/\/vvfconsultores.com.br\/blog\/voto-de-desempate-e-aprovado-na-camara\/\" \/>\r\n<meta property=\"og:locale\" content=\"pt_BR\" \/>\r\n<meta property=\"og:type\" content=\"article\" \/>\r\n<meta property=\"og:title\" content=\"VOTO DE DESEMPATE \u00c9 APROVADO NA C\u00c2MARA - VVF Consultores Tribut\u00e1rios | Blog\" \/>\r\n<meta property=\"og:description\" content=\"O governo federal teve uma derrota com a que a queda da MP n\u00ba 1160\/2023, que restabelecia o voto nos julgamentos do CARF.\" \/>\r\n<meta property=\"og:url\" content=\"https:\/\/vvfconsultores.com.br\/blog\/voto-de-desempate-e-aprovado-na-camara\/\" \/>\r\n<meta property=\"og:site_name\" content=\"VVF Consultores Tribut\u00e1rios | Blog\" \/>\r\n<meta property=\"article:published_time\" content=\"2023-07-14T20:01:55+00:00\" \/>\r\n<meta property=\"og:image\" content=\"https:\/\/vvfconsultores.com.br\/blog\/wp-content\/uploads\/2023\/07\/July-23-PL-do-Carf.jpg\" \/>\r\n\t<meta property=\"og:image:width\" content=\"845\" \/>\r\n\t<meta property=\"og:image:height\" content=\"605\" \/>\r\n<meta name=\"twitter:card\" content=\"summary_large_image\" \/>\r\n<meta name=\"twitter:label1\" content=\"Est. tempo de leitura\" \/>\n\t<meta name=\"twitter:data1\" content=\"2 minutos\" \/>\r\n<script type=\"application\/ld+json\" class=\"yoast-schema-graph\">{\"@context\":\"https:\/\/schema.org\",\"@graph\":[{\"@type\":\"WebSite\",\"@id\":\"https:\/\/vvfconsultores.com.br\/blog\/#website\",\"url\":\"https:\/\/vvfconsultores.com.br\/blog\/\",\"name\":\"VVF Consultores Tribut\\u00e1rios | Blog\",\"description\":\"VVF Consultores Tribut\\u00e1rios | Blog\",\"potentialAction\":[{\"@type\":\"SearchAction\",\"target\":{\"@type\":\"EntryPoint\",\"urlTemplate\":\"https:\/\/vvfconsultores.com.br\/blog\/?s={search_term_string}\"},\"query-input\":\"required name=search_term_string\"}],\"inLanguage\":\"pt-BR\"},{\"@type\":\"ImageObject\",\"@id\":\"https:\/\/vvfconsultores.com.br\/blog\/voto-de-desempate-e-aprovado-na-camara\/#primaryimage\",\"inLanguage\":\"pt-BR\",\"url\":\"https:\/\/vvfconsultores.com.br\/blog\/wp-content\/uploads\/2023\/07\/July-23-PL-do-Carf.jpg\",\"contentUrl\":\"https:\/\/vvfconsultores.com.br\/blog\/wp-content\/uploads\/2023\/07\/July-23-PL-do-Carf.jpg\",\"width\":845,\"height\":605},{\"@type\":\"WebPage\",\"@id\":\"https:\/\/vvfconsultores.com.br\/blog\/voto-de-desempate-e-aprovado-na-camara\/#webpage\",\"url\":\"https:\/\/vvfconsultores.com.br\/blog\/voto-de-desempate-e-aprovado-na-camara\/\",\"name\":\"VOTO DE DESEMPATE \\u00c9 APROVADO NA C\\u00c2MARA - VVF Consultores Tribut\\u00e1rios | Blog\",\"isPartOf\":{\"@id\":\"https:\/\/vvfconsultores.com.br\/blog\/#website\"},\"primaryImageOfPage\":{\"@id\":\"https:\/\/vvfconsultores.com.br\/blog\/voto-de-desempate-e-aprovado-na-camara\/#primaryimage\"},\"datePublished\":\"2023-07-14T20:01:55+00:00\",\"dateModified\":\"2023-07-14T20:01:55+00:00\",\"author\":{\"@id\":\"https:\/\/vvfconsultores.com.br\/blog\/#\/schema\/person\/a5574723d239f6d42e7e7e468124bdc8\"},\"description\":\"O governo federal teve uma derrota com a que a queda da MP n\\u00ba 1160\/2023, que restabelecia o voto nos julgamentos do CARF.\",\"breadcrumb\":{\"@id\":\"https:\/\/vvfconsultores.com.br\/blog\/voto-de-desempate-e-aprovado-na-camara\/#breadcrumb\"},\"inLanguage\":\"pt-BR\",\"potentialAction\":[{\"@type\":\"ReadAction\",\"target\":[\"https:\/\/vvfconsultores.com.br\/blog\/voto-de-desempate-e-aprovado-na-camara\/\"]}]},{\"@type\":\"BreadcrumbList\",\"@id\":\"https:\/\/vvfconsultores.com.br\/blog\/voto-de-desempate-e-aprovado-na-camara\/#breadcrumb\",\"itemListElement\":[{\"@type\":\"ListItem\",\"position\":1,\"name\":\"In\\u00edcio\",\"item\":\"https:\/\/vvfconsultores.com.br\/blog\/\"},{\"@type\":\"ListItem\",\"position\":2,\"name\":\"VOTO DE DESEMPATE \\u00c9 APROVADO NA C\\u00c2MARA\"}]},{\"@type\":\"Person\",\"@id\":\"https:\/\/vvfconsultores.com.br\/blog\/#\/schema\/person\/a5574723d239f6d42e7e7e468124bdc8\",\"name\":\"VVF Consultores\",\"image\":{\"@type\":\"ImageObject\",\"@id\":\"https:\/\/vvfconsultores.com.br\/blog\/#personlogo\",\"inLanguage\":\"pt-BR\",\"url\":\"https:\/\/vvfconsultores.com.br\/blog\/wp-content\/uploads\/2023\/08\/vvf-autor.jpg\",\"contentUrl\":\"https:\/\/vvfconsultores.com.br\/blog\/wp-content\/uploads\/2023\/08\/vvf-autor.jpg\",\"caption\":\"VVF Consultores\"},\"url\":\"https:\/\/vvfconsultores.com.br\/blog\/author\/vvfconsult\/\"}]}<\/script>\r\n<!-- \/ Yoast SEO plugin. -->","_links":{"self":[{"href":"https:\/\/vvfconsultores.com.br\/blog\/wp-json\/wp\/v2\/posts\/2753"}],"collection":[{"href":"https:\/\/vvfconsultores.com.br\/blog\/wp-json\/wp\/v2\/posts"}],"about":[{"href":"https:\/\/vvfconsultores.com.br\/blog\/wp-json\/wp\/v2\/types\/post"}],"author":[{"embeddable":true,"href":"https:\/\/vvfconsultores.com.br\/blog\/wp-json\/wp\/v2\/users\/2"}],"replies":[{"embeddable":true,"href":"https:\/\/vvfconsultores.com.br\/blog\/wp-json\/wp\/v2\/comments?post=2753"}],"version-history":[{"count":1,"href":"https:\/\/vvfconsultores.com.br\/blog\/wp-json\/wp\/v2\/posts\/2753\/revisions"}],"predecessor-version":[{"id":2755,"href":"https:\/\/vvfconsultores.com.br\/blog\/wp-json\/wp\/v2\/posts\/2753\/revisions\/2755"}],"wp:featuredmedia":[{"embeddable":true,"href":"https:\/\/vvfconsultores.com.br\/blog\/wp-json\/wp\/v2\/media\/2754"}],"wp:attachment":[{"href":"https:\/\/vvfconsultores.com.br\/blog\/wp-json\/wp\/v2\/media?parent=2753"}],"wp:term":[{"taxonomy":"category","embeddable":true,"href":"https:\/\/vvfconsultores.com.br\/blog\/wp-json\/wp\/v2\/categories?post=2753"},{"taxonomy":"post_tag","embeddable":true,"href":"https:\/\/vvfconsultores.com.br\/blog\/wp-json\/wp\/v2\/tags?post=2753"}],"curies":[{"name":"wp","href":"https:\/\/api.w.org\/{rel}","templated":true}]}}