{"id":2579,"date":"2023-03-06T21:14:09","date_gmt":"2023-03-07T00:14:09","guid":{"rendered":"https:\/\/vvfconsultores.com.br\/blog\/?p=2579"},"modified":"2023-03-06T21:14:09","modified_gmt":"2023-03-07T00:14:09","slug":"stj-rescinde-decisao-que-afastou-ipi-na-revenda-de-importados","status":"publish","type":"post","link":"https:\/\/vvfconsultores.com.br\/blog\/stj-rescinde-decisao-que-afastou-ipi-na-revenda-de-importados\/","title":{"rendered":"STJ RESCINDE DECIS\u00c3O QUE AFASTOU IPI NA REVENDA DE IMPORTADOS"},"content":{"rendered":"<p><span data-contrast=\"auto\">No dia 08 de fevereiro de 2023, a 1\u00aa Turma do Superior Tribunal de Justi\u00e7a (STJ) rescindiu o entendimento anterior de que n\u00e3o haveria incid\u00eancia de Imposto sobre Produtos Industrializados (IPI) sobre a revenda de produtos importados.<\/span><span data-ccp-props=\"{&quot;201341983&quot;:0,&quot;335551550&quot;:6,&quot;335551620&quot;:6,&quot;335559739&quot;:160,&quot;335559740&quot;:240}\">\u00a0<\/span><\/p>\n<p><span data-contrast=\"auto\">Em abril de 2015, o Sindicato das Empresas de Com\u00e9rcio Exterior de Santa Catarina interp\u00f4s recurso especial n\u00ba 1.427.246, que foi provido por meio de uma decis\u00e3o monocr\u00e1tica do STJ, que declarava devida a incid\u00eancia do IPI somente no procedimento alfandeg\u00e1rio do produto importado. Isso afastava a dupla tributa\u00e7\u00e3o, que ocorria quando o comerciante importador era obrigado a recolher o IPI na sa\u00edda da mercadoria de seu estabelecimento.<\/span><span data-ccp-props=\"{&quot;201341983&quot;:0,&quot;335551550&quot;:6,&quot;335551620&quot;:6,&quot;335559739&quot;:160,&quot;335559740&quot;:240}\">\u00a0<\/span><\/p>\n<p><span data-contrast=\"auto\">Neste formato, ao importar o produto, o comprador pagava o IPI no desembara\u00e7o aduaneiro e, ao revender no mercado interno, n\u00e3o haveria mais a incid\u00eancia do tributo. Isso causava um desequil\u00edbrio industrial, pois o fabricante que produz no Brasil, ao vender internamente, pagava IPI. Inclusive, o valor de IPI pago na importa\u00e7\u00e3o era abatido no pre\u00e7o do produto no mercado interno e, por isso, o custo para aquele que importa era menor, pois n\u00e3o havia pagamento na revenda interna.<\/span><span data-ccp-props=\"{&quot;201341983&quot;:0,&quot;335551550&quot;:6,&quot;335551620&quot;:6,&quot;335559739&quot;:160,&quot;335559740&quot;:240}\">\u00a0<\/span><\/p>\n<p><span data-contrast=\"auto\">Contudo, o Supremo Tribunal Federal (STF) assentou a constitucionalidade da incid\u00eancia do Imposto sobre Produtos Industrializados (IPI) no desembara\u00e7o aduaneiro de produto industrializado e tamb\u00e9m na sua sa\u00edda do estabelecimento importador para comercializa\u00e7\u00e3o no mercado interno. Por maioria de votos, a Corte negou provimento aos Recursos Extraordin\u00e1rios (REs) 979626 e 946648 &#8211; (<\/span><a href=\"http:\/\/www.stf.jus.br\/portal\/jurisprudenciaRepercussao\/verAndamentoProcesso.asp?incidente=4923845&amp;numeroProcesso=946648&amp;classeProcesso=RE&amp;numeroTema=906\"><span data-contrast=\"auto\">Tema 906<\/span><\/a><span data-contrast=\"auto\">).<\/span><span data-ccp-props=\"{&quot;201341983&quot;:0,&quot;335551550&quot;:6,&quot;335551620&quot;:6,&quot;335559739&quot;:160,&quot;335559740&quot;:240}\">\u00a0<\/span><\/p>\n<p><span data-contrast=\"auto\">Diante deste cen\u00e1rio, a Fazenda Nacional ajuizou a a\u00e7\u00e3o rescis\u00f3ria n\u00ba AR 6.015, a qual foi provida para rescindir a coisa julgada formada no REsp 1.427.246\/SC. A rescis\u00e3o teve como fundamento o entendimento recente do Supremo Tribunal Federal no RE 955227 (Tema 885) e RE 949297 (Tema 881), em que se estabeleceu a quebra da coisa julgada de forma autom\u00e1tica, ou seja, sem a necessidade de a\u00e7\u00e3o rescis\u00f3ria sempre que houver mudan\u00e7a de entendimento do STF em sede de controle concentrado de constitucionalidade ou julgados em repercuss\u00e3o geral.<\/span><span data-ccp-props=\"{&quot;201341983&quot;:0,&quot;335551550&quot;:6,&quot;335551620&quot;:6,&quot;335559739&quot;:160,&quot;335559740&quot;:240}\">\u00a0<\/span><\/p>\n<p><span data-contrast=\"auto\">Diante desse contexto, o STJ j\u00e1 passou aplicar de imediato o recente entendimento do STF sobre a quebra da coisa julgada em importante discuss\u00e3o acerca do IPI na revenda, que por si s\u00f3 impacta o caixa de Uni\u00e3o em mais de R$ 3,6 bilh\u00f5es, apenas em precat\u00f3rios j\u00e1 expedidos.<\/span><span data-ccp-props=\"{&quot;201341983&quot;:0,&quot;335551550&quot;:6,&quot;335551620&quot;:6,&quot;335559739&quot;:160,&quot;335559740&quot;:240}\">\u00a0<\/span><\/p>\n<p><span data-contrast=\"auto\">Portanto, por mais que, anteriormente, as empresas fossem beneficiadas e j\u00e1 estavam acostumadas com essa decis\u00e3o pacificada de n\u00e3o incid\u00eancia do IPI na revenda interna, atualmente, diante da mudan\u00e7a no entendimento, e, como consequ\u00eancia, a quebra da coisa julgada autorizada pelo STF, o IPI deve ser recolhido inclusive para as empresas que tinham decis\u00f5es favor\u00e1veis, com tr\u00e2nsito em julgado, afastando a cobran\u00e7a.<\/span><span data-ccp-props=\"{&quot;201341983&quot;:0,&quot;335551550&quot;:6,&quot;335551620&quot;:6,&quot;335559739&quot;:160,&quot;335559740&quot;:240}\">\u00a0<\/span><\/p>\n","protected":false},"excerpt":{"rendered":"<p>No dia 08 de fevereiro de 2023, a 1\u00aa Turma do Superior Tribunal de Justi\u00e7a (STJ) rescindiu o entendimento anterior de que n\u00e3o haveria incid\u00eancia de Imposto sobre Produtos Industrializados (IPI) sobre a revenda de produtos importados.\u00a0 Em abril de 2015, o Sindicato das Empresas de Com\u00e9rcio Exterior de Santa Catarina interp\u00f4s recurso especial n\u00ba [&hellip;]<\/p>\n","protected":false},"author":2,"featured_media":2580,"comment_status":"open","ping_status":"open","sticky":false,"template":"","format":"standard","meta":{"footnotes":""},"categories":[76],"tags":[250,52,62],"yoast_head":"<!-- This site is optimized with the Yoast SEO plugin v16.6.1 - https:\/\/yoast.com\/wordpress\/plugins\/seo\/ -->\r\n<title>STJ RESCINDE DECIS\u00c3O QUE AFASTOU IPI NA REVENDA DE IMPORTADOS - VVF Consultores Tribut\u00e1rios | Blog<\/title>\r\n<meta name=\"description\" content=\"A 1\u00aa Turma do STJ rescindiu o entendimento anterior de que n\u00e3o haveria incid\u00eancia de IPI sobre a revenda de produtos importados.\u00a0Entenda!\" \/>\r\n<meta name=\"robots\" content=\"index, follow, max-snippet:-1, max-image-preview:large, max-video-preview:-1\" \/>\r\n<link rel=\"canonical\" href=\"https:\/\/vvfconsultores.com.br\/blog\/stj-rescinde-decisao-que-afastou-ipi-na-revenda-de-importados\/\" \/>\r\n<meta property=\"og:locale\" content=\"pt_BR\" \/>\r\n<meta property=\"og:type\" content=\"article\" \/>\r\n<meta property=\"og:title\" content=\"STJ RESCINDE DECIS\u00c3O QUE AFASTOU IPI NA REVENDA DE IMPORTADOS - VVF Consultores Tribut\u00e1rios | Blog\" \/>\r\n<meta property=\"og:description\" content=\"A 1\u00aa Turma do STJ rescindiu o entendimento anterior de que n\u00e3o haveria incid\u00eancia de IPI sobre a revenda de produtos importados.\u00a0Entenda!\" \/>\r\n<meta property=\"og:url\" content=\"https:\/\/vvfconsultores.com.br\/blog\/stj-rescinde-decisao-que-afastou-ipi-na-revenda-de-importados\/\" \/>\r\n<meta property=\"og:site_name\" content=\"VVF Consultores Tribut\u00e1rios | Blog\" \/>\r\n<meta property=\"article:published_time\" content=\"2023-03-07T00:14:09+00:00\" \/>\r\n<meta property=\"og:image\" content=\"https:\/\/vvfconsultores.com.br\/blog\/wp-content\/uploads\/2023\/03\/2023-03-01-IPI-sobre-importados.jpg\" \/>\r\n\t<meta property=\"og:image:width\" content=\"845\" \/>\r\n\t<meta property=\"og:image:height\" content=\"605\" \/>\r\n<meta name=\"twitter:card\" content=\"summary_large_image\" \/>\r\n<meta name=\"twitter:label1\" content=\"Est. tempo de leitura\" \/>\n\t<meta name=\"twitter:data1\" content=\"2 minutos\" \/>\r\n<script type=\"application\/ld+json\" class=\"yoast-schema-graph\">{\"@context\":\"https:\/\/schema.org\",\"@graph\":[{\"@type\":\"WebSite\",\"@id\":\"https:\/\/vvfconsultores.com.br\/blog\/#website\",\"url\":\"https:\/\/vvfconsultores.com.br\/blog\/\",\"name\":\"VVF Consultores Tribut\\u00e1rios | Blog\",\"description\":\"VVF Consultores Tribut\\u00e1rios | Blog\",\"potentialAction\":[{\"@type\":\"SearchAction\",\"target\":{\"@type\":\"EntryPoint\",\"urlTemplate\":\"https:\/\/vvfconsultores.com.br\/blog\/?s={search_term_string}\"},\"query-input\":\"required name=search_term_string\"}],\"inLanguage\":\"pt-BR\"},{\"@type\":\"ImageObject\",\"@id\":\"https:\/\/vvfconsultores.com.br\/blog\/stj-rescinde-decisao-que-afastou-ipi-na-revenda-de-importados\/#primaryimage\",\"inLanguage\":\"pt-BR\",\"url\":\"https:\/\/vvfconsultores.com.br\/blog\/wp-content\/uploads\/2023\/03\/2023-03-01-IPI-sobre-importados.jpg\",\"contentUrl\":\"https:\/\/vvfconsultores.com.br\/blog\/wp-content\/uploads\/2023\/03\/2023-03-01-IPI-sobre-importados.jpg\",\"width\":845,\"height\":605},{\"@type\":\"WebPage\",\"@id\":\"https:\/\/vvfconsultores.com.br\/blog\/stj-rescinde-decisao-que-afastou-ipi-na-revenda-de-importados\/#webpage\",\"url\":\"https:\/\/vvfconsultores.com.br\/blog\/stj-rescinde-decisao-que-afastou-ipi-na-revenda-de-importados\/\",\"name\":\"STJ RESCINDE DECIS\\u00c3O QUE AFASTOU IPI NA REVENDA DE IMPORTADOS - VVF Consultores Tribut\\u00e1rios | Blog\",\"isPartOf\":{\"@id\":\"https:\/\/vvfconsultores.com.br\/blog\/#website\"},\"primaryImageOfPage\":{\"@id\":\"https:\/\/vvfconsultores.com.br\/blog\/stj-rescinde-decisao-que-afastou-ipi-na-revenda-de-importados\/#primaryimage\"},\"datePublished\":\"2023-03-07T00:14:09+00:00\",\"dateModified\":\"2023-03-07T00:14:09+00:00\",\"author\":{\"@id\":\"https:\/\/vvfconsultores.com.br\/blog\/#\/schema\/person\/a5574723d239f6d42e7e7e468124bdc8\"},\"description\":\"A 1\\u00aa Turma do STJ rescindiu o entendimento anterior de que n\\u00e3o haveria incid\\u00eancia de IPI sobre a revenda de produtos importados.\\u00a0Entenda!\",\"breadcrumb\":{\"@id\":\"https:\/\/vvfconsultores.com.br\/blog\/stj-rescinde-decisao-que-afastou-ipi-na-revenda-de-importados\/#breadcrumb\"},\"inLanguage\":\"pt-BR\",\"potentialAction\":[{\"@type\":\"ReadAction\",\"target\":[\"https:\/\/vvfconsultores.com.br\/blog\/stj-rescinde-decisao-que-afastou-ipi-na-revenda-de-importados\/\"]}]},{\"@type\":\"BreadcrumbList\",\"@id\":\"https:\/\/vvfconsultores.com.br\/blog\/stj-rescinde-decisao-que-afastou-ipi-na-revenda-de-importados\/#breadcrumb\",\"itemListElement\":[{\"@type\":\"ListItem\",\"position\":1,\"name\":\"In\\u00edcio\",\"item\":\"https:\/\/vvfconsultores.com.br\/blog\/\"},{\"@type\":\"ListItem\",\"position\":2,\"name\":\"STJ RESCINDE DECIS\\u00c3O QUE AFASTOU IPI NA REVENDA DE IMPORTADOS\"}]},{\"@type\":\"Person\",\"@id\":\"https:\/\/vvfconsultores.com.br\/blog\/#\/schema\/person\/a5574723d239f6d42e7e7e468124bdc8\",\"name\":\"VVF Consultores\",\"image\":{\"@type\":\"ImageObject\",\"@id\":\"https:\/\/vvfconsultores.com.br\/blog\/#personlogo\",\"inLanguage\":\"pt-BR\",\"url\":\"https:\/\/vvfconsultores.com.br\/blog\/wp-content\/uploads\/2023\/08\/vvf-autor.jpg\",\"contentUrl\":\"https:\/\/vvfconsultores.com.br\/blog\/wp-content\/uploads\/2023\/08\/vvf-autor.jpg\",\"caption\":\"VVF Consultores\"},\"url\":\"https:\/\/vvfconsultores.com.br\/blog\/author\/vvfconsult\/\"}]}<\/script>\r\n<!-- \/ Yoast SEO plugin. -->","_links":{"self":[{"href":"https:\/\/vvfconsultores.com.br\/blog\/wp-json\/wp\/v2\/posts\/2579"}],"collection":[{"href":"https:\/\/vvfconsultores.com.br\/blog\/wp-json\/wp\/v2\/posts"}],"about":[{"href":"https:\/\/vvfconsultores.com.br\/blog\/wp-json\/wp\/v2\/types\/post"}],"author":[{"embeddable":true,"href":"https:\/\/vvfconsultores.com.br\/blog\/wp-json\/wp\/v2\/users\/2"}],"replies":[{"embeddable":true,"href":"https:\/\/vvfconsultores.com.br\/blog\/wp-json\/wp\/v2\/comments?post=2579"}],"version-history":[{"count":1,"href":"https:\/\/vvfconsultores.com.br\/blog\/wp-json\/wp\/v2\/posts\/2579\/revisions"}],"predecessor-version":[{"id":2581,"href":"https:\/\/vvfconsultores.com.br\/blog\/wp-json\/wp\/v2\/posts\/2579\/revisions\/2581"}],"wp:featuredmedia":[{"embeddable":true,"href":"https:\/\/vvfconsultores.com.br\/blog\/wp-json\/wp\/v2\/media\/2580"}],"wp:attachment":[{"href":"https:\/\/vvfconsultores.com.br\/blog\/wp-json\/wp\/v2\/media?parent=2579"}],"wp:term":[{"taxonomy":"category","embeddable":true,"href":"https:\/\/vvfconsultores.com.br\/blog\/wp-json\/wp\/v2\/categories?post=2579"},{"taxonomy":"post_tag","embeddable":true,"href":"https:\/\/vvfconsultores.com.br\/blog\/wp-json\/wp\/v2\/tags?post=2579"}],"curies":[{"name":"wp","href":"https:\/\/api.w.org\/{rel}","templated":true}]}}