{"id":1462,"date":"2020-02-11T10:26:20","date_gmt":"2020-02-11T12:26:20","guid":{"rendered":"https:\/\/vvfconsultores.com.br\/blog\/?p=1462"},"modified":"2020-02-14T15:35:26","modified_gmt":"2020-02-14T17:35:26","slug":"alteracoes-na-efd-reinf-preparam-sistemas-para-extincao-do-esocial","status":"publish","type":"post","link":"https:\/\/vvfconsultores.com.br\/blog\/alteracoes-na-efd-reinf-preparam-sistemas-para-extincao-do-esocial\/","title":{"rendered":"Altera\u00e7\u00f5es na EFD-Reinf preparam sistemas para extin\u00e7\u00e3o do eSocial"},"content":{"rendered":"<p><span style=\"font-weight: 400;\">Em julho de 2019, o governo federal anunciou, atrav\u00e9s da edi\u00e7\u00e3o da chamada MP da Liberdade Econ\u00f4mica (MP n\u00ba 881\/19, convertida na Lei n\u00ba 13.874\/19), que o eSocial ser\u00e1 substitu\u00eddo em 2020 por um sistema simplificado. O eSocial (que ainda n\u00e3o foi completamente implementado) foi lan\u00e7ado com o prop\u00f3sito de sistematizar, simplificar e integrar o cumprimento de obriga\u00e7\u00f5es previdenci\u00e1rias, trabalhistas e tribut\u00e1rias; contudo, o n\u00edvel de informa\u00e7\u00f5es exigidas pelo sistema tornou a obriga\u00e7\u00e3o demasiadamente burocr\u00e1tica e demandou altos investimentos para levantamento dos dados necess\u00e1rios e parametriza\u00e7\u00e3o dos sistemas das empresas p\u00fablicas e privadas.<\/span><\/p>\n<p><span style=\"font-weight: 400;\">Segundo anunciado pelas Secretarias Especiais do Minist\u00e9rio da Economia, a inten\u00e7\u00e3o \u00e9 reduzir para menos da metade as informa\u00e7\u00f5es exigidas das empresas. Dados como n\u00famero de t\u00edtulo de eleitor, n\u00famero do RG e dados de sa\u00fade do empregado ser\u00e3o extintos no novo sistema simplificado, o qual ser\u00e1 obrigat\u00f3rio para todas as empresas, inclusive optantes pelo Simples Nacional, Microempreendedores Individuais (MEI), entidades sem fins lucrativos, produtor rural pessoa f\u00edsica e empregador pessoa f\u00edsica (exceto empregadores dom\u00e9sticos).<\/span><\/p>\n<p><span style=\"font-weight: 400;\">O que se alinhou at\u00e9 o momento \u00e9 que em 2020 o eSocial dar\u00e1 lugar a um sistema simplificado contendo informa\u00e7\u00f5es trabalhistas e previdenci\u00e1rias que alimentar\u00e3o um ambiente \u00fanico nacional, compartilhado pela Secretaria Especial da Receita Federal do Brasil e pela Secretaria Especial da Previd\u00eancia e Trabalho; enquanto as informa\u00e7\u00f5es tribut\u00e1rias decorrentes das rela\u00e7\u00f5es de trabalho e emprego passar\u00e3o a ser coletadas pela Receita Federal do Brasil (RFB) atrav\u00e9s da EFD-Reinf.<\/span><\/p>\n<p><span style=\"font-weight: 400;\">A EFD-Reinf, sistema que tamb\u00e9m ainda est\u00e1 sendo implementado, teve sua obrigatoriedade de entrega adiada para o grupo 3 (optantes pelo Simples Nacional e entidades n\u00e3o empresariais), pois a receita prepara o leiaute 2.1, ainda em fase de minuta, para absorver os eventos tribut\u00e1rios relativos \u00e0 remunera\u00e7\u00e3o do trabalhador.<\/span><\/p>\n","protected":false},"excerpt":{"rendered":"<p>Em julho de 2019, o governo federal anunciou, atrav\u00e9s da edi\u00e7\u00e3o da chamada MP da Liberdade Econ\u00f4mica (MP n\u00ba 881\/19, convertida na Lei n\u00ba 13.874\/19), que o eSocial ser\u00e1 substitu\u00eddo em 2020 por um sistema simplificado. O eSocial (que ainda n\u00e3o foi completamente implementado) foi lan\u00e7ado com o prop\u00f3sito de sistematizar, simplificar e integrar o [&hellip;]<\/p>\n","protected":false},"author":2,"featured_media":1463,"comment_status":"open","ping_status":"open","sticky":false,"template":"","format":"standard","meta":{"footnotes":""},"categories":[4],"tags":[36,37],"yoast_head":"<!-- This site is optimized with the Yoast SEO plugin v16.6.1 - https:\/\/yoast.com\/wordpress\/plugins\/seo\/ -->\r\n<title>Altera\u00e7\u00f5es na EFD-Reinf preparam sistemas para extin\u00e7\u00e3o do eSocial - VVF Consultores Tribut\u00e1rios | Blog<\/title>\r\n<meta name=\"robots\" content=\"index, follow, max-snippet:-1, max-image-preview:large, max-video-preview:-1\" \/>\r\n<link rel=\"canonical\" href=\"https:\/\/vvfconsultores.com.br\/blog\/alteracoes-na-efd-reinf-preparam-sistemas-para-extincao-do-esocial\/\" \/>\r\n<meta property=\"og:locale\" content=\"pt_BR\" \/>\r\n<meta property=\"og:type\" content=\"article\" \/>\r\n<meta property=\"og:title\" content=\"Altera\u00e7\u00f5es na EFD-Reinf preparam sistemas para extin\u00e7\u00e3o do eSocial - VVF Consultores Tribut\u00e1rios | Blog\" \/>\r\n<meta property=\"og:description\" content=\"Em julho de 2019, o governo federal anunciou, atrav\u00e9s da edi\u00e7\u00e3o da chamada MP da Liberdade Econ\u00f4mica (MP n\u00ba 881\/19, convertida na Lei n\u00ba 13.874\/19), que o eSocial ser\u00e1 substitu\u00eddo em 2020 por um sistema simplificado. O eSocial (que ainda n\u00e3o foi completamente implementado) foi lan\u00e7ado com o prop\u00f3sito de sistematizar, simplificar e integrar o [&hellip;]\" \/>\r\n<meta property=\"og:url\" content=\"https:\/\/vvfconsultores.com.br\/blog\/alteracoes-na-efd-reinf-preparam-sistemas-para-extincao-do-esocial\/\" \/>\r\n<meta property=\"og:site_name\" content=\"VVF Consultores Tribut\u00e1rios | Blog\" \/>\r\n<meta property=\"article:published_time\" content=\"2020-02-11T12:26:20+00:00\" \/>\r\n<meta property=\"article:modified_time\" content=\"2020-02-14T17:35:26+00:00\" \/>\r\n<meta property=\"og:image\" content=\"https:\/\/vvfconsultores.com.br\/blog\/wp-content\/uploads\/2020\/02\/2020-01-23-Alteracao-na-EFD.jpg\" \/>\r\n\t<meta property=\"og:image:width\" content=\"845\" \/>\r\n\t<meta property=\"og:image:height\" content=\"605\" \/>\r\n<meta name=\"twitter:card\" content=\"summary_large_image\" \/>\r\n<meta name=\"twitter:label1\" content=\"Est. tempo de leitura\" \/>\n\t<meta name=\"twitter:data1\" content=\"2 minutos\" \/>\r\n<script type=\"application\/ld+json\" class=\"yoast-schema-graph\">{\"@context\":\"https:\/\/schema.org\",\"@graph\":[{\"@type\":\"WebSite\",\"@id\":\"https:\/\/vvfconsultores.com.br\/blog\/#website\",\"url\":\"https:\/\/vvfconsultores.com.br\/blog\/\",\"name\":\"VVF Consultores Tribut\\u00e1rios | Blog\",\"description\":\"VVF Consultores Tribut\\u00e1rios | Blog\",\"potentialAction\":[{\"@type\":\"SearchAction\",\"target\":{\"@type\":\"EntryPoint\",\"urlTemplate\":\"https:\/\/vvfconsultores.com.br\/blog\/?s={search_term_string}\"},\"query-input\":\"required name=search_term_string\"}],\"inLanguage\":\"pt-BR\"},{\"@type\":\"ImageObject\",\"@id\":\"https:\/\/vvfconsultores.com.br\/blog\/alteracoes-na-efd-reinf-preparam-sistemas-para-extincao-do-esocial\/#primaryimage\",\"inLanguage\":\"pt-BR\",\"url\":\"https:\/\/vvfconsultores.com.br\/blog\/wp-content\/uploads\/2020\/02\/2020-01-23-Alteracao-na-EFD.jpg\",\"contentUrl\":\"https:\/\/vvfconsultores.com.br\/blog\/wp-content\/uploads\/2020\/02\/2020-01-23-Alteracao-na-EFD.jpg\",\"width\":845,\"height\":605},{\"@type\":\"WebPage\",\"@id\":\"https:\/\/vvfconsultores.com.br\/blog\/alteracoes-na-efd-reinf-preparam-sistemas-para-extincao-do-esocial\/#webpage\",\"url\":\"https:\/\/vvfconsultores.com.br\/blog\/alteracoes-na-efd-reinf-preparam-sistemas-para-extincao-do-esocial\/\",\"name\":\"Altera\\u00e7\\u00f5es na EFD-Reinf preparam sistemas para extin\\u00e7\\u00e3o do eSocial - VVF Consultores Tribut\\u00e1rios | Blog\",\"isPartOf\":{\"@id\":\"https:\/\/vvfconsultores.com.br\/blog\/#website\"},\"primaryImageOfPage\":{\"@id\":\"https:\/\/vvfconsultores.com.br\/blog\/alteracoes-na-efd-reinf-preparam-sistemas-para-extincao-do-esocial\/#primaryimage\"},\"datePublished\":\"2020-02-11T12:26:20+00:00\",\"dateModified\":\"2020-02-14T17:35:26+00:00\",\"author\":{\"@id\":\"https:\/\/vvfconsultores.com.br\/blog\/#\/schema\/person\/a5574723d239f6d42e7e7e468124bdc8\"},\"breadcrumb\":{\"@id\":\"https:\/\/vvfconsultores.com.br\/blog\/alteracoes-na-efd-reinf-preparam-sistemas-para-extincao-do-esocial\/#breadcrumb\"},\"inLanguage\":\"pt-BR\",\"potentialAction\":[{\"@type\":\"ReadAction\",\"target\":[\"https:\/\/vvfconsultores.com.br\/blog\/alteracoes-na-efd-reinf-preparam-sistemas-para-extincao-do-esocial\/\"]}]},{\"@type\":\"BreadcrumbList\",\"@id\":\"https:\/\/vvfconsultores.com.br\/blog\/alteracoes-na-efd-reinf-preparam-sistemas-para-extincao-do-esocial\/#breadcrumb\",\"itemListElement\":[{\"@type\":\"ListItem\",\"position\":1,\"name\":\"In\\u00edcio\",\"item\":\"https:\/\/vvfconsultores.com.br\/blog\/\"},{\"@type\":\"ListItem\",\"position\":2,\"name\":\"Altera\\u00e7\\u00f5es na EFD-Reinf preparam sistemas para extin\\u00e7\\u00e3o do eSocial\"}]},{\"@type\":\"Person\",\"@id\":\"https:\/\/vvfconsultores.com.br\/blog\/#\/schema\/person\/a5574723d239f6d42e7e7e468124bdc8\",\"name\":\"VVF Consultores\",\"image\":{\"@type\":\"ImageObject\",\"@id\":\"https:\/\/vvfconsultores.com.br\/blog\/#personlogo\",\"inLanguage\":\"pt-BR\",\"url\":\"https:\/\/vvfconsultores.com.br\/blog\/wp-content\/uploads\/2023\/08\/vvf-autor.jpg\",\"contentUrl\":\"https:\/\/vvfconsultores.com.br\/blog\/wp-content\/uploads\/2023\/08\/vvf-autor.jpg\",\"caption\":\"VVF Consultores\"},\"url\":\"https:\/\/vvfconsultores.com.br\/blog\/author\/vvfconsult\/\"}]}<\/script>\r\n<!-- \/ Yoast SEO plugin. -->","_links":{"self":[{"href":"https:\/\/vvfconsultores.com.br\/blog\/wp-json\/wp\/v2\/posts\/1462"}],"collection":[{"href":"https:\/\/vvfconsultores.com.br\/blog\/wp-json\/wp\/v2\/posts"}],"about":[{"href":"https:\/\/vvfconsultores.com.br\/blog\/wp-json\/wp\/v2\/types\/post"}],"author":[{"embeddable":true,"href":"https:\/\/vvfconsultores.com.br\/blog\/wp-json\/wp\/v2\/users\/2"}],"replies":[{"embeddable":true,"href":"https:\/\/vvfconsultores.com.br\/blog\/wp-json\/wp\/v2\/comments?post=1462"}],"version-history":[{"count":2,"href":"https:\/\/vvfconsultores.com.br\/blog\/wp-json\/wp\/v2\/posts\/1462\/revisions"}],"predecessor-version":[{"id":1474,"href":"https:\/\/vvfconsultores.com.br\/blog\/wp-json\/wp\/v2\/posts\/1462\/revisions\/1474"}],"wp:featuredmedia":[{"embeddable":true,"href":"https:\/\/vvfconsultores.com.br\/blog\/wp-json\/wp\/v2\/media\/1463"}],"wp:attachment":[{"href":"https:\/\/vvfconsultores.com.br\/blog\/wp-json\/wp\/v2\/media?parent=1462"}],"wp:term":[{"taxonomy":"category","embeddable":true,"href":"https:\/\/vvfconsultores.com.br\/blog\/wp-json\/wp\/v2\/categories?post=1462"},{"taxonomy":"post_tag","embeddable":true,"href":"https:\/\/vvfconsultores.com.br\/blog\/wp-json\/wp\/v2\/tags?post=1462"}],"curies":[{"name":"wp","href":"https:\/\/api.w.org\/{rel}","templated":true}]}}