{"id":1459,"date":"2020-02-11T10:23:36","date_gmt":"2020-02-11T12:23:36","guid":{"rendered":"https:\/\/vvfconsultores.com.br\/blog\/?p=1459"},"modified":"2020-02-14T15:36:14","modified_gmt":"2020-02-14T17:36:14","slug":"funrural-das-exportacoes-e-aprovado-pelo-senado","status":"publish","type":"post","link":"https:\/\/vvfconsultores.com.br\/blog\/funrural-das-exportacoes-e-aprovado-pelo-senado\/","title":{"rendered":"Funrural das exporta\u00e7\u00f5es \u00e9 aprovado pelo Senado"},"content":{"rendered":"<p><span style=\"font-weight: 400;\">Foi aprovado pelo Senado o texto da PEC paralela n\u00ba 133\/2019, a qual contempla, dentre outras modifica\u00e7\u00f5es, a institui\u00e7\u00e3o gradual da cobran\u00e7a de contribui\u00e7\u00f5es previdenci\u00e1rias do agroneg\u00f3cio exportador. O Legislativo estima que a arrecada\u00e7\u00e3o chegar\u00e1 a R$ 60 bilh\u00f5es em dez anos.<\/span><\/p>\n<p><span style=\"font-weight: 400;\">A proposta foi encaminhada \u00e0 C\u00e2mara dos Depurados para an\u00e1lise e aprova\u00e7\u00e3o, inclusive, alguns deputados j\u00e1 se manifestaram contra o aumento de tributos no agro.<\/span><\/p>\n<p><span style=\"font-weight: 400;\">O texto do Senado prev\u00ea uma onera\u00e7\u00e3o \u00e0s pessoas jur\u00eddicas de 2,05%, \u00e0s pessoas f\u00edsicas de 1,5% e \u00e0s agroind\u00fastrias de 2,85% sobre o valor das receitas de exporta\u00e7\u00e3o. A cobran\u00e7a deve ocorrer de forma gradual a partir de 2021, quando a taxa corresponder\u00e1 a 20% das al\u00edquotas definidas para cada contribuinte. Nos anos seguintes, as taxas aumentar\u00e3o vinte pontos percentuais das al\u00edquotas totais, at\u00e9 chegar em 100% em 2025.<\/span><\/p>\n<p><span style=\"font-weight: 400;\">Neste momento, resta aguardar a an\u00e1lise da C\u00e2mara dos Deputados, pois o texto pode sofrer modifica\u00e7\u00f5es significativas.<\/span><\/p>\n","protected":false},"excerpt":{"rendered":"<p>Foi aprovado pelo Senado o texto da PEC paralela n\u00ba 133\/2019, a qual contempla, dentre outras modifica\u00e7\u00f5es, a institui\u00e7\u00e3o gradual da cobran\u00e7a de contribui\u00e7\u00f5es previdenci\u00e1rias do agroneg\u00f3cio exportador. O Legislativo estima que a arrecada\u00e7\u00e3o chegar\u00e1 a R$ 60 bilh\u00f5es em dez anos. A proposta foi encaminhada \u00e0 C\u00e2mara dos Depurados para an\u00e1lise e aprova\u00e7\u00e3o, inclusive, [&hellip;]<\/p>\n","protected":false},"author":2,"featured_media":1460,"comment_status":"open","ping_status":"open","sticky":false,"template":"","format":"standard","meta":{"footnotes":""},"categories":[4],"tags":[21,35],"yoast_head":"<!-- This site is optimized with the Yoast SEO plugin v16.6.1 - https:\/\/yoast.com\/wordpress\/plugins\/seo\/ -->\r\n<title>Funrural das exporta\u00e7\u00f5es \u00e9 aprovado pelo Senado - VVF Consultores Tribut\u00e1rios | Blog<\/title>\r\n<meta name=\"robots\" content=\"index, follow, max-snippet:-1, max-image-preview:large, max-video-preview:-1\" \/>\r\n<link rel=\"canonical\" href=\"https:\/\/vvfconsultores.com.br\/blog\/funrural-das-exportacoes-e-aprovado-pelo-senado\/\" \/>\r\n<meta property=\"og:locale\" content=\"pt_BR\" \/>\r\n<meta property=\"og:type\" content=\"article\" \/>\r\n<meta property=\"og:title\" content=\"Funrural das exporta\u00e7\u00f5es \u00e9 aprovado pelo Senado - VVF Consultores Tribut\u00e1rios | Blog\" \/>\r\n<meta property=\"og:description\" content=\"Foi aprovado pelo Senado o texto da PEC paralela n\u00ba 133\/2019, a qual contempla, dentre outras modifica\u00e7\u00f5es, a institui\u00e7\u00e3o gradual da cobran\u00e7a de contribui\u00e7\u00f5es previdenci\u00e1rias do agroneg\u00f3cio exportador. O Legislativo estima que a arrecada\u00e7\u00e3o chegar\u00e1 a R$ 60 bilh\u00f5es em dez anos. A proposta foi encaminhada \u00e0 C\u00e2mara dos Depurados para an\u00e1lise e aprova\u00e7\u00e3o, inclusive, [&hellip;]\" \/>\r\n<meta property=\"og:url\" content=\"https:\/\/vvfconsultores.com.br\/blog\/funrural-das-exportacoes-e-aprovado-pelo-senado\/\" \/>\r\n<meta property=\"og:site_name\" content=\"VVF Consultores Tribut\u00e1rios | Blog\" \/>\r\n<meta property=\"article:published_time\" content=\"2020-02-11T12:23:36+00:00\" \/>\r\n<meta property=\"article:modified_time\" content=\"2020-02-14T17:36:14+00:00\" \/>\r\n<meta property=\"og:image\" content=\"https:\/\/vvfconsultores.com.br\/blog\/wp-content\/uploads\/2020\/02\/2020-02-10-exportacoes-aprovadas-pelo-funrural.jpg\" \/>\r\n\t<meta property=\"og:image:width\" content=\"845\" \/>\r\n\t<meta property=\"og:image:height\" content=\"605\" \/>\r\n<meta name=\"twitter:card\" content=\"summary_large_image\" \/>\r\n<meta name=\"twitter:label1\" content=\"Est. tempo de leitura\" \/>\n\t<meta name=\"twitter:data1\" content=\"1 minuto\" \/>\r\n<script type=\"application\/ld+json\" class=\"yoast-schema-graph\">{\"@context\":\"https:\/\/schema.org\",\"@graph\":[{\"@type\":\"WebSite\",\"@id\":\"https:\/\/vvfconsultores.com.br\/blog\/#website\",\"url\":\"https:\/\/vvfconsultores.com.br\/blog\/\",\"name\":\"VVF Consultores Tribut\\u00e1rios | Blog\",\"description\":\"VVF Consultores Tribut\\u00e1rios | Blog\",\"potentialAction\":[{\"@type\":\"SearchAction\",\"target\":{\"@type\":\"EntryPoint\",\"urlTemplate\":\"https:\/\/vvfconsultores.com.br\/blog\/?s={search_term_string}\"},\"query-input\":\"required name=search_term_string\"}],\"inLanguage\":\"pt-BR\"},{\"@type\":\"ImageObject\",\"@id\":\"https:\/\/vvfconsultores.com.br\/blog\/funrural-das-exportacoes-e-aprovado-pelo-senado\/#primaryimage\",\"inLanguage\":\"pt-BR\",\"url\":\"https:\/\/vvfconsultores.com.br\/blog\/wp-content\/uploads\/2020\/02\/2020-02-10-exportacoes-aprovadas-pelo-funrural.jpg\",\"contentUrl\":\"https:\/\/vvfconsultores.com.br\/blog\/wp-content\/uploads\/2020\/02\/2020-02-10-exportacoes-aprovadas-pelo-funrural.jpg\",\"width\":845,\"height\":605},{\"@type\":\"WebPage\",\"@id\":\"https:\/\/vvfconsultores.com.br\/blog\/funrural-das-exportacoes-e-aprovado-pelo-senado\/#webpage\",\"url\":\"https:\/\/vvfconsultores.com.br\/blog\/funrural-das-exportacoes-e-aprovado-pelo-senado\/\",\"name\":\"Funrural das exporta\\u00e7\\u00f5es \\u00e9 aprovado pelo Senado - VVF Consultores Tribut\\u00e1rios | Blog\",\"isPartOf\":{\"@id\":\"https:\/\/vvfconsultores.com.br\/blog\/#website\"},\"primaryImageOfPage\":{\"@id\":\"https:\/\/vvfconsultores.com.br\/blog\/funrural-das-exportacoes-e-aprovado-pelo-senado\/#primaryimage\"},\"datePublished\":\"2020-02-11T12:23:36+00:00\",\"dateModified\":\"2020-02-14T17:36:14+00:00\",\"author\":{\"@id\":\"https:\/\/vvfconsultores.com.br\/blog\/#\/schema\/person\/a5574723d239f6d42e7e7e468124bdc8\"},\"breadcrumb\":{\"@id\":\"https:\/\/vvfconsultores.com.br\/blog\/funrural-das-exportacoes-e-aprovado-pelo-senado\/#breadcrumb\"},\"inLanguage\":\"pt-BR\",\"potentialAction\":[{\"@type\":\"ReadAction\",\"target\":[\"https:\/\/vvfconsultores.com.br\/blog\/funrural-das-exportacoes-e-aprovado-pelo-senado\/\"]}]},{\"@type\":\"BreadcrumbList\",\"@id\":\"https:\/\/vvfconsultores.com.br\/blog\/funrural-das-exportacoes-e-aprovado-pelo-senado\/#breadcrumb\",\"itemListElement\":[{\"@type\":\"ListItem\",\"position\":1,\"name\":\"In\\u00edcio\",\"item\":\"https:\/\/vvfconsultores.com.br\/blog\/\"},{\"@type\":\"ListItem\",\"position\":2,\"name\":\"Funrural das exporta\\u00e7\\u00f5es \\u00e9 aprovado pelo Senado\"}]},{\"@type\":\"Person\",\"@id\":\"https:\/\/vvfconsultores.com.br\/blog\/#\/schema\/person\/a5574723d239f6d42e7e7e468124bdc8\",\"name\":\"VVF Consultores\",\"image\":{\"@type\":\"ImageObject\",\"@id\":\"https:\/\/vvfconsultores.com.br\/blog\/#personlogo\",\"inLanguage\":\"pt-BR\",\"url\":\"https:\/\/vvfconsultores.com.br\/blog\/wp-content\/uploads\/2023\/08\/vvf-autor.jpg\",\"contentUrl\":\"https:\/\/vvfconsultores.com.br\/blog\/wp-content\/uploads\/2023\/08\/vvf-autor.jpg\",\"caption\":\"VVF Consultores\"},\"url\":\"https:\/\/vvfconsultores.com.br\/blog\/author\/vvfconsult\/\"}]}<\/script>\r\n<!-- \/ Yoast SEO plugin. -->","_links":{"self":[{"href":"https:\/\/vvfconsultores.com.br\/blog\/wp-json\/wp\/v2\/posts\/1459"}],"collection":[{"href":"https:\/\/vvfconsultores.com.br\/blog\/wp-json\/wp\/v2\/posts"}],"about":[{"href":"https:\/\/vvfconsultores.com.br\/blog\/wp-json\/wp\/v2\/types\/post"}],"author":[{"embeddable":true,"href":"https:\/\/vvfconsultores.com.br\/blog\/wp-json\/wp\/v2\/users\/2"}],"replies":[{"embeddable":true,"href":"https:\/\/vvfconsultores.com.br\/blog\/wp-json\/wp\/v2\/comments?post=1459"}],"version-history":[{"count":3,"href":"https:\/\/vvfconsultores.com.br\/blog\/wp-json\/wp\/v2\/posts\/1459\/revisions"}],"predecessor-version":[{"id":1476,"href":"https:\/\/vvfconsultores.com.br\/blog\/wp-json\/wp\/v2\/posts\/1459\/revisions\/1476"}],"wp:featuredmedia":[{"embeddable":true,"href":"https:\/\/vvfconsultores.com.br\/blog\/wp-json\/wp\/v2\/media\/1460"}],"wp:attachment":[{"href":"https:\/\/vvfconsultores.com.br\/blog\/wp-json\/wp\/v2\/media?parent=1459"}],"wp:term":[{"taxonomy":"category","embeddable":true,"href":"https:\/\/vvfconsultores.com.br\/blog\/wp-json\/wp\/v2\/categories?post=1459"},{"taxonomy":"post_tag","embeddable":true,"href":"https:\/\/vvfconsultores.com.br\/blog\/wp-json\/wp\/v2\/tags?post=1459"}],"curies":[{"name":"wp","href":"https:\/\/api.w.org\/{rel}","templated":true}]}}